{"id":490,"date":"2013-11-21T08:07:15","date_gmt":"2013-11-21T07:07:15","guid":{"rendered":"http:\/\/blogs.elnortedecastilla.es\/robertocarbajal\/?p=490"},"modified":"2013-11-21T08:07:15","modified_gmt":"2013-11-21T07:07:15","slug":"la-calle-es-mia","status":"publish","type":"post","link":"https:\/\/blogs.elnortedecastilla.es\/robertocarbajal\/2013\/11\/21\/la-calle-es-mia\/","title":{"rendered":"La calle es m\u00eda"},"content":{"rendered":"<p>El ministro Fern\u00e1ndez D\u00edaz cree que la gente est\u00e1 m\u00e1s guapa calladita y en casa. Este santurr\u00f3n, que compara el aborto con ETA, trabaja en una ley que desempolva las palabras de Manuel Fraga durante la dictadura, \u201cla calle es m\u00eda\u201d. Cost\u00f3 m\u00e1s de cuarenta a\u00f1os reimplantar la democracia y, con ella, el derecho leg\u00edtimo al pataleo en la v\u00eda p\u00fablica. El anteproyecto, que podr\u00eda aprobarse el viernes del susto o muerte, pretende fulminar las manifestaciones y acojonar a la gente. El gobierno popular quiere que los ciudadanos tengan miedo a expresar su indignaci\u00f3n. Si no, es inexplicable que puedan aplicarse multas comprendidas entre 30.001 y 600.000 euros a una persona que insulte o grabe, respectivamente, a un polic\u00eda en el fragor de uno de esos actos. \u00a1Anda ya! La norma tambi\u00e9n pretende que nadie se congregue a las puertas del Congreso u otras instituciones ni encaramarse a sus tejados, aunque est\u00e9 que se sube por las paredes. Recordemos que el derecho a la huelga y la manifestaci\u00f3n est\u00e1 consagrado en la Constituci\u00f3n, raz\u00f3n por la cual el borrador nace ya con la sospecha de ser ilegal. Muchas de las medidas represivas contra el basamento democr\u00e1tico que pretende implantar el ministro son indecentes. Tomemos el episodio de los vecinos que grabaron la paliza que le cost\u00f3 la vida a un ciudadano barcelon\u00e9s. Los Mossos d\u2019Esquadra les pidieron que borrasen el contenido de sus c\u00e1maras. El mero hecho de abrir la puerta a un agente es un acto de estupidez sin que medie una orden judicial o est\u00e9 en riesgo cierto la vida de las personas.<\/p>\n<p>Pero la verdadera intenci\u00f3n del dichoso papelote es la represi\u00f3n del cabreo ciudadano. La derecha es \u2018gente de orden\u2019, le gusta que todo est\u00e9 en su sitio. Por eso, cuando llega al poder, esa idea la lleva al paroxismo. Si lo que sucede hoy en Espa\u00f1a no es merecedor de salir a la calle, \u00bfqu\u00e9 va a serlo? Los escraches, las aglomeraciones en la v\u00eda p\u00fablica durante las protestas, el apoyo a los desahuciados\u2026 todo ser\u00e1 sancionable. Pues, nada: que viva el franco. El suizo y el gallego.  <\/p>\n<p><em>Publicado en El Norte de Castilla el 20 de noviembre de 2013<\/em><\/p>\n","protected":false},"excerpt":{"rendered":"<p>El ministro Fern\u00e1ndez D\u00edaz cree que la gente est\u00e1 m\u00e1s guapa calladita y en casa. Este santurr\u00f3n, que compara el aborto con ETA, trabaja en una ley que desempolva las palabras de Manuel Fraga durante la dictadura, \u201cla calle es m\u00eda\u201d. Cost\u00f3 m\u00e1s de cuarenta a\u00f1os reimplantar la democracia y, con ella, el derecho leg\u00edtimo [&hellip;]<\/p>\n","protected":false},"author":8,"featured_media":0,"comment_status":"open","ping_status":"open","sticky":false,"template":"","format":"standard","meta":[],"categories":[3,8,11],"tags":[],"_links":{"self":[{"href":"https:\/\/blogs.elnortedecastilla.es\/robertocarbajal\/wp-json\/wp\/v2\/posts\/490"}],"collection":[{"href":"https:\/\/blogs.elnortedecastilla.es\/robertocarbajal\/wp-json\/wp\/v2\/posts"}],"about":[{"href":"https:\/\/blogs.elnortedecastilla.es\/robertocarbajal\/wp-json\/wp\/v2\/types\/post"}],"author":[{"embeddable":true,"href":"https:\/\/blogs.elnortedecastilla.es\/robertocarbajal\/wp-json\/wp\/v2\/users\/8"}],"replies":[{"embeddable":true,"href":"https:\/\/blogs.elnortedecastilla.es\/robertocarbajal\/wp-json\/wp\/v2\/comments?post=490"}],"version-history":[{"count":0,"href":"https:\/\/blogs.elnortedecastilla.es\/robertocarbajal\/wp-json\/wp\/v2\/posts\/490\/revisions"}],"wp:attachment":[{"href":"https:\/\/blogs.elnortedecastilla.es\/robertocarbajal\/wp-json\/wp\/v2\/media?parent=490"}],"wp:term":[{"taxonomy":"category","embeddable":true,"href":"https:\/\/blogs.elnortedecastilla.es\/robertocarbajal\/wp-json\/wp\/v2\/categories?post=490"},{"taxonomy":"post_tag","embeddable":true,"href":"https:\/\/blogs.elnortedecastilla.es\/robertocarbajal\/wp-json\/wp\/v2\/tags?post=490"}],"curies":[{"name":"wp","href":"https:\/\/api.w.org\/{rel}","templated":true}]}}