{"id":491,"date":"2013-11-28T08:07:59","date_gmt":"2013-11-28T07:07:59","guid":{"rendered":"http:\/\/blogs.elnortedecastilla.es\/robertocarbajal\/?p=491"},"modified":"2013-11-28T08:07:59","modified_gmt":"2013-11-28T07:07:59","slug":"el-tango-de-la-muerte","status":"publish","type":"post","link":"https:\/\/blogs.elnortedecastilla.es\/robertocarbajal\/2013\/11\/28\/el-tango-de-la-muerte\/","title":{"rendered":"El tango de la muerte"},"content":{"rendered":"<p>Mariano Rajoy ha encargado un informe para conocer si las afiladas vallas de Melilla son lo que todo el mundo sabe que son. Le falt\u00f3 decir que lo que se ha publicado es falso, salvo alguna cosa. El presidente del Gobierno no tiene claro que las llamadas concertinas da\u00f1en \u2018seriamente\u2019 la salud, como el tabaco. Antes de que vi\u00e9semos a un mont\u00f3n de negros saltar desesperadamente la frontera africana y hacerse jirones el cuerpo pens\u00e1bamos que la concertina era el acorde\u00f3n que acompa\u00f1a un tango. Paradojas de la crueldad, resulta que el desgarro con que se agita una pareja argentina tiene otra vertiente sanguinaria. El baile puede abrirte metaf\u00f3ricamente el coraz\u00f3n, pero las concertinas met\u00e1licas casi te practican la autopsia. Para conocer el alcance del peligro, nuestro presidente puede hacer una prueba sin salir de su b\u00fanker. Con que tome un abrecartas y se le vaya la mano es m\u00e1s que suficiente. Nadie se ha ocupado a estas alturas de retratar al sujeto que dio nombre al arma que convierte personas en lonchas de kebab. Hasta el nuevo portavoz de los obispos ha rega\u00f1ado al Gobierno, pero en este tema el partido conservador silba.<\/p>\n<p>Cuesta tragarse y digerir que Rajoy cuide con tanto celo a los no nacidos y no se ablande ante los que a\u00fan permanecemos con vida. Aunque, en honor a la verdad, no extra\u00f1a a nadie: dirige un partido que no quiere desenterrar a decenas de miles de personas que yacen en las cunetas asesinadas durante el franquismo. La ONU le ha exigido que rescate a toda esa gente; pican en hueso, porque no saben que el presidente cree que esos minerales abonar\u00e1n una hilera de bellas flores. Dec\u00eda con desparpajo el portavoz popular Rafael Hernando que los herederos de esas v\u00edctimas huelen una subvenci\u00f3n y autom\u00e1ticamente piden recuperar a sus seres queridos. Una afirmaci\u00f3n reveladora de la sensibilidad que atesora ese corazoncito que reservan algunos a la Historia, que ha enfurecido a quienes luchan por dignificar y honrar a los despojos familiares. La vida es un tango y la muerte un pasodoble.    <\/p>\n<p><em>Publicado en El Norte de Castilla el 27 de noviembre de 2013<\/em><\/p>\n","protected":false},"excerpt":{"rendered":"<p>Mariano Rajoy ha encargado un informe para conocer si las afiladas vallas de Melilla son lo que todo el mundo sabe que son. Le falt\u00f3 decir que lo que se ha publicado es falso, salvo alguna cosa. El presidente del Gobierno no tiene claro que las llamadas concertinas da\u00f1en \u2018seriamente\u2019 la salud, como el tabaco. [&hellip;]<\/p>\n","protected":false},"author":8,"featured_media":0,"comment_status":"open","ping_status":"open","sticky":false,"template":"","format":"standard","meta":[],"categories":[3,8,11],"tags":[],"_links":{"self":[{"href":"https:\/\/blogs.elnortedecastilla.es\/robertocarbajal\/wp-json\/wp\/v2\/posts\/491"}],"collection":[{"href":"https:\/\/blogs.elnortedecastilla.es\/robertocarbajal\/wp-json\/wp\/v2\/posts"}],"about":[{"href":"https:\/\/blogs.elnortedecastilla.es\/robertocarbajal\/wp-json\/wp\/v2\/types\/post"}],"author":[{"embeddable":true,"href":"https:\/\/blogs.elnortedecastilla.es\/robertocarbajal\/wp-json\/wp\/v2\/users\/8"}],"replies":[{"embeddable":true,"href":"https:\/\/blogs.elnortedecastilla.es\/robertocarbajal\/wp-json\/wp\/v2\/comments?post=491"}],"version-history":[{"count":0,"href":"https:\/\/blogs.elnortedecastilla.es\/robertocarbajal\/wp-json\/wp\/v2\/posts\/491\/revisions"}],"wp:attachment":[{"href":"https:\/\/blogs.elnortedecastilla.es\/robertocarbajal\/wp-json\/wp\/v2\/media?parent=491"}],"wp:term":[{"taxonomy":"category","embeddable":true,"href":"https:\/\/blogs.elnortedecastilla.es\/robertocarbajal\/wp-json\/wp\/v2\/categories?post=491"},{"taxonomy":"post_tag","embeddable":true,"href":"https:\/\/blogs.elnortedecastilla.es\/robertocarbajal\/wp-json\/wp\/v2\/tags?post=491"}],"curies":[{"name":"wp","href":"https:\/\/api.w.org\/{rel}","templated":true}]}}