{"id":492,"date":"2013-12-05T08:07:33","date_gmt":"2013-12-05T07:07:33","guid":{"rendered":"http:\/\/blogs.elnortedecastilla.es\/robertocarbajal\/?p=492"},"modified":"2013-12-05T08:07:33","modified_gmt":"2013-12-05T07:07:33","slug":"hombre-tonto-movil-listo","status":"publish","type":"post","link":"https:\/\/blogs.elnortedecastilla.es\/robertocarbajal\/2013\/12\/05\/hombre-tonto-movil-listo\/","title":{"rendered":"Hombre tonto, m\u00f3vil listo"},"content":{"rendered":"<p>Cuanto m\u00e1s inteligentes se vuelven los tel\u00e9fonos, m\u00e1s estupidez se trasvasa al ser humano. No ser\u00e9 yo quien diga que todas las aplicaciones que se meriendan la memoria de ambos dispositivos sean frusler\u00edas. Es solo que semejante atrac\u00f3n convierte a los seres humanos en androides ab\u00falicos. Para ser moderno hay que estar a la \u00faltima en telefon\u00eda. (Original ser\u00eda uno de baquelita al cinto, la verdad.) Ojal\u00e1 a nadie se le ocurra inscribir al celular en el libro de familia. Hay gente que conoce mejor cada doblez de su inseparable amigo que el alma de quienes le rodean. Y no se trata de arremeter contra el progreso, sino de frenar y ver la luz. Cada hora que dedicamos a enredar con este nuevo ap\u00e9ndice absorbe un buen pu\u00f1ado de neuronas. Cuando se sale de una sesi\u00f3n de pantallazos son preceptivos unos minutos para hacerse cargo del mundo real, como si se regresara de una profunda sesi\u00f3n de hipnosis.<\/p>\n<p>No s\u00e9 si Mark Parisi ha sufrido los efectos de la telefon\u00eda. El caso es que este s\u00fabdito estadounidense ha perdido el juicio y pronto tambi\u00e9n un coj\u00f3n. La coloquial expresi\u00f3n patria \u2018me ha costado un huevo\u2019 se ha hecho verbo en la vida de este hombre. No ha tenido mejor ocurrencia que vender un test\u00edculo para comprarse un coche. Como es ilegal intercambiarlo entre particulares y tampoco convertir\u00e1 a nadie en un superm\u00e1n por tener tres, la criadilla de Mark se disfrazar\u00e1 como una donaci\u00f3n para que lo estudie la ciencia. All\u00e1 cada cual con sus caprichos, pero quiz\u00e1 los cient\u00edficos est\u00e9n m\u00e1s inquietos por desentra\u00f1ar el misterio de su cerebro. No creo que un Nissan 307Z bien valga un huevo. Llegados a este punto, me asalta la duda: \u00bfqu\u00e9 compr\u00f3 Franco cuando perdi\u00f3 uno de los suyos? A no ser que el trueque fuese a cambio de una flauta de oro, dada la vocecilla del dictador. El caso es que Parisi est\u00e1 de enhorabuena: tendr\u00e1 coche nuevo y gastar\u00e1 menos en combustible, pues ir\u00e1 m\u00e1s ligero de equipaje. El coche trae ya m\u00e1s utilidades de serie que el bueno de Mark. Es el PIVE espa\u00f1ol aplicado a la idiosincrasia yanqui.<\/p>\n<p><em>Publicado en El Norte de Castilla el 4 de diciembre de 2013<\/em><\/p>\n","protected":false},"excerpt":{"rendered":"<p>Cuanto m\u00e1s inteligentes se vuelven los tel\u00e9fonos, m\u00e1s estupidez se trasvasa al ser humano. No ser\u00e9 yo quien diga que todas las aplicaciones que se meriendan la memoria de ambos dispositivos sean frusler\u00edas. Es solo que semejante atrac\u00f3n convierte a los seres humanos en androides ab\u00falicos. Para ser moderno hay que estar a la \u00faltima [&hellip;]<\/p>\n","protected":false},"author":8,"featured_media":0,"comment_status":"open","ping_status":"open","sticky":false,"template":"","format":"standard","meta":[],"categories":[3,5,9],"tags":[],"_links":{"self":[{"href":"https:\/\/blogs.elnortedecastilla.es\/robertocarbajal\/wp-json\/wp\/v2\/posts\/492"}],"collection":[{"href":"https:\/\/blogs.elnortedecastilla.es\/robertocarbajal\/wp-json\/wp\/v2\/posts"}],"about":[{"href":"https:\/\/blogs.elnortedecastilla.es\/robertocarbajal\/wp-json\/wp\/v2\/types\/post"}],"author":[{"embeddable":true,"href":"https:\/\/blogs.elnortedecastilla.es\/robertocarbajal\/wp-json\/wp\/v2\/users\/8"}],"replies":[{"embeddable":true,"href":"https:\/\/blogs.elnortedecastilla.es\/robertocarbajal\/wp-json\/wp\/v2\/comments?post=492"}],"version-history":[{"count":0,"href":"https:\/\/blogs.elnortedecastilla.es\/robertocarbajal\/wp-json\/wp\/v2\/posts\/492\/revisions"}],"wp:attachment":[{"href":"https:\/\/blogs.elnortedecastilla.es\/robertocarbajal\/wp-json\/wp\/v2\/media?parent=492"}],"wp:term":[{"taxonomy":"category","embeddable":true,"href":"https:\/\/blogs.elnortedecastilla.es\/robertocarbajal\/wp-json\/wp\/v2\/categories?post=492"},{"taxonomy":"post_tag","embeddable":true,"href":"https:\/\/blogs.elnortedecastilla.es\/robertocarbajal\/wp-json\/wp\/v2\/tags?post=492"}],"curies":[{"name":"wp","href":"https:\/\/api.w.org\/{rel}","templated":true}]}}