{"id":496,"date":"2013-12-19T08:07:01","date_gmt":"2013-12-19T07:07:01","guid":{"rendered":"http:\/\/blogs.elnortedecastilla.es\/robertocarbajal\/?p=496"},"modified":"2013-12-19T08:07:01","modified_gmt":"2013-12-19T07:07:01","slug":"el-santo-a-las-andadas","status":"publish","type":"post","link":"https:\/\/blogs.elnortedecastilla.es\/robertocarbajal\/2013\/12\/19\/el-santo-a-las-andadas\/","title":{"rendered":"El Santo, a las andadas"},"content":{"rendered":"<p>El ministro del Interior ha pedido que los Reyes Magos \u2018le traigan\u2019 un cami\u00f3n botijo. Fern\u00e1ndez D\u00edaz ha escrito a sus majestades orientales esa estrofa tan popular de la canci\u00f3n de Loquillo compuesta en el siglo XX de la era com\u00fan, \u2018yo, para ser feliz, quiero un cami\u00f3n\u2019. Lo necesita para dispersar a las masas que se desahoguen en las calles y eludir el da\u00f1o que infligen las pelotas de goma, cuyo calor es reconfortante en esta \u00e9poca del a\u00f1o. Es decir, la medida puede ser humanitaria, tal y como se aplicaba en las dictaduras latinoamericanas. En verano se agradece casi tanto como contemplar el esplendor de Anita Ekberg dentro de la Fontana di Trevi en \u2018La dolce vita\u2019, pero no vislumbro a los agentes en pleno invierno lanzando unos chorros que se tornen en afiladas lanzas de hielo. El juguete que anhela ese ni\u00f1o que atesora este ministro cuesta medio mill\u00f3n de euros cada unidad. La licitaci\u00f3n ha sido anunciada en el bolet\u00edn oficial y obviada en las publicaciones pro gubernamentales que le bailan el agua a Fern\u00e1ndez. Esa iconograf\u00eda de la era Pinochet o Videla va a ser recreada en la Espa\u00f1a actual. Seg\u00fan reza el texto del cuento, la compra de estos veh\u00edculos tiene como fin \u201cgarantizar las libertades debido a la actual din\u00e1mica social, proteger el libre ejercicio de derechos y libertades, as\u00ed como garantizar la seguridad ciudadana\u201d. \u00a1Quia!; ajusticiando al indignado no se garantizan los derechos civiles. Las ocasiones las pintan calvas. Este ministro, que lo es, podr\u00eda haberse ahorrado una explicaci\u00f3n tan garantista y, al contribuyente, el coste del capricho.<\/p>\n<p>Los Reyes Magos no existen. Al menos Baltasar, un negro que eludir\u00eda el rigor de las concertinas en la frontera africana y cuyo tinte no es del agrado de este tardo miembro del Gobierno. Estas son las convicciones de Fern\u00e1ndez D\u00edaz el Santo, quien no tiene nada que ver con el personaje de Simon Templar, el esp\u00eda que encarnase Roger Moore, otro acartonado de la historia del espect\u00e1culo. Esta es la versi\u00f3n boba a la espa\u00f1ola.<\/p>\n<p><em>Publicado en El Norte de Castilla el 18 de diciembre de 2013<\/em><\/p>\n","protected":false},"excerpt":{"rendered":"<p>El ministro del Interior ha pedido que los Reyes Magos \u2018le traigan\u2019 un cami\u00f3n botijo. Fern\u00e1ndez D\u00edaz ha escrito a sus majestades orientales esa estrofa tan popular de la canci\u00f3n de Loquillo compuesta en el siglo XX de la era com\u00fan, \u2018yo, para ser feliz, quiero un cami\u00f3n\u2019. Lo necesita para dispersar a las masas [&hellip;]<\/p>\n","protected":false},"author":8,"featured_media":0,"comment_status":"open","ping_status":"open","sticky":false,"template":"","format":"standard","meta":[],"categories":[3,8,11],"tags":[],"_links":{"self":[{"href":"https:\/\/blogs.elnortedecastilla.es\/robertocarbajal\/wp-json\/wp\/v2\/posts\/496"}],"collection":[{"href":"https:\/\/blogs.elnortedecastilla.es\/robertocarbajal\/wp-json\/wp\/v2\/posts"}],"about":[{"href":"https:\/\/blogs.elnortedecastilla.es\/robertocarbajal\/wp-json\/wp\/v2\/types\/post"}],"author":[{"embeddable":true,"href":"https:\/\/blogs.elnortedecastilla.es\/robertocarbajal\/wp-json\/wp\/v2\/users\/8"}],"replies":[{"embeddable":true,"href":"https:\/\/blogs.elnortedecastilla.es\/robertocarbajal\/wp-json\/wp\/v2\/comments?post=496"}],"version-history":[{"count":0,"href":"https:\/\/blogs.elnortedecastilla.es\/robertocarbajal\/wp-json\/wp\/v2\/posts\/496\/revisions"}],"wp:attachment":[{"href":"https:\/\/blogs.elnortedecastilla.es\/robertocarbajal\/wp-json\/wp\/v2\/media?parent=496"}],"wp:term":[{"taxonomy":"category","embeddable":true,"href":"https:\/\/blogs.elnortedecastilla.es\/robertocarbajal\/wp-json\/wp\/v2\/categories?post=496"},{"taxonomy":"post_tag","embeddable":true,"href":"https:\/\/blogs.elnortedecastilla.es\/robertocarbajal\/wp-json\/wp\/v2\/tags?post=496"}],"curies":[{"name":"wp","href":"https:\/\/api.w.org\/{rel}","templated":true}]}}