{"id":497,"date":"2014-01-09T08:07:09","date_gmt":"2014-01-09T07:07:09","guid":{"rendered":"http:\/\/blogs.elnortedecastilla.es\/robertocarbajal\/?p=497"},"modified":"2014-01-09T08:07:09","modified_gmt":"2014-01-09T07:07:09","slug":"imputada","status":"publish","type":"post","link":"https:\/\/blogs.elnortedecastilla.es\/robertocarbajal\/2014\/01\/09\/imputada\/","title":{"rendered":"Imputada"},"content":{"rendered":"<p>El juez Castro ha citado como imputada a la Infanta Do\u00f1a Cristina por blanqueo y delito fiscal. Ahora toca esperar a ver si, precisamente, ella se sienta en el banquillo, porque la maquinaria del Estado aplicar\u00e1 toda su potencia para que sus reales posaderas no se apelmacen ante el retrato de su padre.<\/p>\n<p>Hay quien a\u00fan piensa que los espa\u00f1oles est\u00e1n demasiado ocupados en salir adelante como para dedicar su preciado tiempo a un asunto \u2018particular\u2019. Quiz\u00e1 incluso crean que la cultura del latrocinio forma parte de nuestra idiosincrasia o que los nubarrones los forman la crisis y el desempleo, y no que una princesita est\u00e9 bajo sospecha de hab\u00e9rselo llevado en crudo. Ser\u00eda un error plantear el \u2018caso N\u00f3os\u2019 como una frusler\u00eda sin importancia y guardarla en el mismo caj\u00f3n de sastre de la corrupci\u00f3n que ha arruinado la credibilidad de todo el sistema. Es m\u00e1s bien todo lo contrario: no ha sido la obcecaci\u00f3n del juez Castro la que nos ha llevado a esta encrucijada, sino que la cu\u00f1a insertada en la estabilidad de la Jefatura del Estado tiene como autores a miembros de la Familia Real. Comenz\u00f3 a clavarla el propio I\u00f1aki Urdangarin con su demostrada impunidad en saquear las cuentas p\u00fablicas; continu\u00f3 martilleando ese pedacito de madera la Infanta, que debi\u00f3 declarar por iniciativa propia y despejar la sombra de la sospecha, evitando as\u00ed que la Fiscal\u00eda quedase con las verg\u00fcenzas al aire. Ahora se abrir\u00e1 un proceso exculpatorio en el que la Abogac\u00eda del Estado y el ministerio p\u00fablico crear\u00e1n el artificio para desmontar el caso, retir\u00e1ndose como parte responsable en la defensa patrimonial del Reino de Espa\u00f1a. Esta estramb\u00f3tica y probable acci\u00f3n socavar\u00eda la credibilidad de nuestra democracia, dejando tan solo a la acusaci\u00f3n popular del pseudosindicato Manos Limpias como dedo acusador.<\/p>\n<p>Desde que este caso viera la luz, los ciudadanos est\u00e1n convencidos de que la justicia no es igual para todos, a pesar de que el Rey dijese lo contrario hace un par de navidades. La monarqu\u00eda se tambalea, m\u00e1s que Don Juan Carlos el lunes.<\/p>\n<p><em>Publicado en El Norte de Castilla el 8 de enero de 2014<\/em><\/p>\n<p>twitter: @RobrtoCarbajal<\/p>\n","protected":false},"excerpt":{"rendered":"<p>El juez Castro ha citado como imputada a la Infanta Do\u00f1a Cristina por blanqueo y delito fiscal. Ahora toca esperar a ver si, precisamente, ella se sienta en el banquillo, porque la maquinaria del Estado aplicar\u00e1 toda su potencia para que sus reales posaderas no se apelmacen ante el retrato de su padre. Hay quien [&hellip;]<\/p>\n","protected":false},"author":8,"featured_media":0,"comment_status":"open","ping_status":"open","sticky":false,"template":"","format":"standard","meta":[],"categories":[3,8,11],"tags":[],"_links":{"self":[{"href":"https:\/\/blogs.elnortedecastilla.es\/robertocarbajal\/wp-json\/wp\/v2\/posts\/497"}],"collection":[{"href":"https:\/\/blogs.elnortedecastilla.es\/robertocarbajal\/wp-json\/wp\/v2\/posts"}],"about":[{"href":"https:\/\/blogs.elnortedecastilla.es\/robertocarbajal\/wp-json\/wp\/v2\/types\/post"}],"author":[{"embeddable":true,"href":"https:\/\/blogs.elnortedecastilla.es\/robertocarbajal\/wp-json\/wp\/v2\/users\/8"}],"replies":[{"embeddable":true,"href":"https:\/\/blogs.elnortedecastilla.es\/robertocarbajal\/wp-json\/wp\/v2\/comments?post=497"}],"version-history":[{"count":0,"href":"https:\/\/blogs.elnortedecastilla.es\/robertocarbajal\/wp-json\/wp\/v2\/posts\/497\/revisions"}],"wp:attachment":[{"href":"https:\/\/blogs.elnortedecastilla.es\/robertocarbajal\/wp-json\/wp\/v2\/media?parent=497"}],"wp:term":[{"taxonomy":"category","embeddable":true,"href":"https:\/\/blogs.elnortedecastilla.es\/robertocarbajal\/wp-json\/wp\/v2\/categories?post=497"},{"taxonomy":"post_tag","embeddable":true,"href":"https:\/\/blogs.elnortedecastilla.es\/robertocarbajal\/wp-json\/wp\/v2\/tags?post=497"}],"curies":[{"name":"wp","href":"https:\/\/api.w.org\/{rel}","templated":true}]}}