{"id":499,"date":"2014-01-23T08:07:04","date_gmt":"2014-01-23T07:07:04","guid":{"rendered":"http:\/\/blogs.elnortedecastilla.es\/robertocarbajal\/?p=499"},"modified":"2014-01-23T08:07:04","modified_gmt":"2014-01-23T07:07:04","slug":"primadas-y-primarias","status":"publish","type":"post","link":"https:\/\/blogs.elnortedecastilla.es\/robertocarbajal\/2014\/01\/23\/primadas-y-primarias\/","title":{"rendered":"Primadas y primarias"},"content":{"rendered":"<p>Por fin, el PSOE ha decidido convocar las dichosas primarias. Esta vez, la novedad estriba en que cualquier ciudadano puede inscribirse firmando un documento acatando los principios socialistas y pagando dos euros. A primera vista, esta f\u00f3rmula evoca a un h\u00edbrido entre lo aplicado en Francia en el mismo asunto y las donaciones que se estilan en Estados Unidos para este menester. Aplaudamos que los ciudadanos puedan elegir algo, al menos sobre el papel, porque en Espa\u00f1a no es habitual. Jam\u00e1s, en casi cuarenta a\u00f1os de democracia, los espa\u00f1oles han tenido la oportunidad de participar directamente en la cooptaci\u00f3n representativa. Muchos han alzado sus voces contra la receta puesta en marcha por el partido de Rubalcaba, dudando sobre si se convertir\u00e1 en un remedo de la trampa aplicada en la elecci\u00f3n de la superjefa andaluza. El caso es que aqu\u00ed est\u00e1 lo que tantos demandaban al secretario general. Se han establecido porcentajes m\u00ednimos para poder plantar cara en 2015 al sin par Mariano Rajoy Brey. Todo parece muy democr\u00e1tico, abierto y ambicioso; otra cosa son las facilidades que se brinden a quienes deseen dirigirse a los doscientos mil afiliados y a los inscritos en el censo, para convencerlos de que \u00c9l, el aspirante, colmar\u00e1 sus expectativas.<\/p>\n<p>Nadie se toma en serio que cualquier persona an\u00f3nima con inquietudes pol\u00edticas pueda contactar con esos votantes desesperados. \u00bfQui\u00e9n les facilitar\u00e1 el nombre, direcci\u00f3n, correo electr\u00f3nico y n\u00famero de tel\u00e9fono de esa masa electoral? El \u2018aparato\u2019 suele guardarse tan codiciada informaci\u00f3n para s\u00ed y, finalmente, nos encontraremos con que las primarias se librar\u00e1n entre los nombres que vienen sonando desde hace tiempo. Patxi L\u00f3pez, Chac\u00f3n, Eduardo Madina, Emiliano Garc\u00eda-Page, Susana D\u00edaz y, por qu\u00e9 no, el malabarista Rubalcaba, que piensa en culminar su carrera pol\u00edtica convirti\u00e9ndose en presidente. Si el l\u00edo se desarrolla como se prev\u00e9, la algarab\u00eda inicial se desvanecer\u00e1 y las primarias devendr\u00e1n en una coartada, en una m\u00e1s de las primadas de nuestra biso\u00f1a democracia.<\/p>\n<p><em>Publicado en El Norte de Castilla el 22 de enero de 2014<\/em><\/p>\n","protected":false},"excerpt":{"rendered":"<p>Por fin, el PSOE ha decidido convocar las dichosas primarias. Esta vez, la novedad estriba en que cualquier ciudadano puede inscribirse firmando un documento acatando los principios socialistas y pagando dos euros. A primera vista, esta f\u00f3rmula evoca a un h\u00edbrido entre lo aplicado en Francia en el mismo asunto y las donaciones que se [&hellip;]<\/p>\n","protected":false},"author":8,"featured_media":0,"comment_status":"open","ping_status":"open","sticky":false,"template":"","format":"standard","meta":[],"categories":[3,8],"tags":[],"_links":{"self":[{"href":"https:\/\/blogs.elnortedecastilla.es\/robertocarbajal\/wp-json\/wp\/v2\/posts\/499"}],"collection":[{"href":"https:\/\/blogs.elnortedecastilla.es\/robertocarbajal\/wp-json\/wp\/v2\/posts"}],"about":[{"href":"https:\/\/blogs.elnortedecastilla.es\/robertocarbajal\/wp-json\/wp\/v2\/types\/post"}],"author":[{"embeddable":true,"href":"https:\/\/blogs.elnortedecastilla.es\/robertocarbajal\/wp-json\/wp\/v2\/users\/8"}],"replies":[{"embeddable":true,"href":"https:\/\/blogs.elnortedecastilla.es\/robertocarbajal\/wp-json\/wp\/v2\/comments?post=499"}],"version-history":[{"count":0,"href":"https:\/\/blogs.elnortedecastilla.es\/robertocarbajal\/wp-json\/wp\/v2\/posts\/499\/revisions"}],"wp:attachment":[{"href":"https:\/\/blogs.elnortedecastilla.es\/robertocarbajal\/wp-json\/wp\/v2\/media?parent=499"}],"wp:term":[{"taxonomy":"category","embeddable":true,"href":"https:\/\/blogs.elnortedecastilla.es\/robertocarbajal\/wp-json\/wp\/v2\/categories?post=499"},{"taxonomy":"post_tag","embeddable":true,"href":"https:\/\/blogs.elnortedecastilla.es\/robertocarbajal\/wp-json\/wp\/v2\/tags?post=499"}],"curies":[{"name":"wp","href":"https:\/\/api.w.org\/{rel}","templated":true}]}}