{"id":500,"date":"2014-01-30T08:07:50","date_gmt":"2014-01-30T07:07:50","guid":{"rendered":"http:\/\/blogs.elnortedecastilla.es\/robertocarbajal\/?p=500"},"modified":"2014-01-30T08:07:50","modified_gmt":"2014-01-30T07:07:50","slug":"los-bebes-gallardon","status":"publish","type":"post","link":"https:\/\/blogs.elnortedecastilla.es\/robertocarbajal\/2014\/01\/30\/los-bebes-gallardon\/","title":{"rendered":"Los &#039;beb\u00e9s Gallard\u00f3n&#039;"},"content":{"rendered":"<p>Vaya, c\u00f3mo hilan de fino. El Ministerio de Justicia ha elaborado un informe en el que se lee que la nueva ley del aborto es buena para la econom\u00eda. Los autores vienen a decir que, a m\u00e1s ni\u00f1os, mejor para las arcas del Estado. Los ingenuos pens\u00e1bamos que Ryanair iba a ser la primera beneficiaria de la ley y que la Iglesia ver\u00eda crecer la clientela. Es cierto que el texto del ministerio apunta como primer objetivo el factor moral, pero no dejemos de lado las ideas colaterales. Da la sensaci\u00f3n de que el Gobierno ha hecho la cuenta de la vieja: m\u00e1s de cien mil fetos se convertir\u00e1n en cotizantes si ven la luz. Cuando escampe la crisis, estos peque\u00f1os afortunados podr\u00edan aportar a las arcas p\u00fablicas los recursos suficientes para sostener la Seguridad Social. Es pura pol\u00edtica-ficci\u00f3n. Cien mil esclavos empleados con salarios de miseria no dar\u00edan para sufragar los ansiol\u00edticos o la pensi\u00f3n del abuelo.<\/p>\n<p>Como mal menor, cien mil nuevos contribuyentes no son una cifra desde\u00f1able, m\u00e1xime si se implementan medidas como incitarlos a que procreen con celeridad en cuanto fertilice el jard\u00edn. Por tanto, la cifra exponencial de currantes j\u00f3venes sostendr\u00eda todo el andamiaje del sistema. Los alemanes lanzaron una pol\u00edtica de nacimientos en masa para nutrir a la Wehrmacht. El archivo cobija las im\u00e1genes de sinfines repletos de beb\u00e9s arios adocenados, producto de una pol\u00edtica de germinaci\u00f3n femenina decretada por el gobierno. Las trabajadoras de aquellas plantas de alumbramiento se aplicaban con la misma apat\u00eda mec\u00e1nica que los sexadores de pollos en las factor\u00edas aviares actuales y pr\u00e1cticamente con el mismo miramiento.<\/p>\n<p>Hace diez a\u00f1os Espa\u00f1a necesitaba inmigrantes. Como muchos han regresado a sus pa\u00edses y miles de espa\u00f1oles han recogido sus trastos, el Gobierno ha hecho n\u00fameros y pretende que les encajen los balances. El hecho de que esta gente vea que la nueva ley del aborto alimente los presupuestos es m\u00e1s hilarante que poner en duda que las cig\u00fce\u00f1as vienen de Par\u00eds con un beb\u00e9 en el pico. Esto \u00faltimo es m\u00e1s veros\u00edmil.<\/p>\n<p><em>Publicado en El Norte de Castilla el 29 de enero de 2014<\/em><\/p>\n","protected":false},"excerpt":{"rendered":"<p>Vaya, c\u00f3mo hilan de fino. El Ministerio de Justicia ha elaborado un informe en el que se lee que la nueva ley del aborto es buena para la econom\u00eda. Los autores vienen a decir que, a m\u00e1s ni\u00f1os, mejor para las arcas del Estado. Los ingenuos pens\u00e1bamos que Ryanair iba a ser la primera beneficiaria [&hellip;]<\/p>\n","protected":false},"author":8,"featured_media":0,"comment_status":"open","ping_status":"open","sticky":false,"template":"","format":"standard","meta":[],"categories":[3,8,11],"tags":[],"_links":{"self":[{"href":"https:\/\/blogs.elnortedecastilla.es\/robertocarbajal\/wp-json\/wp\/v2\/posts\/500"}],"collection":[{"href":"https:\/\/blogs.elnortedecastilla.es\/robertocarbajal\/wp-json\/wp\/v2\/posts"}],"about":[{"href":"https:\/\/blogs.elnortedecastilla.es\/robertocarbajal\/wp-json\/wp\/v2\/types\/post"}],"author":[{"embeddable":true,"href":"https:\/\/blogs.elnortedecastilla.es\/robertocarbajal\/wp-json\/wp\/v2\/users\/8"}],"replies":[{"embeddable":true,"href":"https:\/\/blogs.elnortedecastilla.es\/robertocarbajal\/wp-json\/wp\/v2\/comments?post=500"}],"version-history":[{"count":0,"href":"https:\/\/blogs.elnortedecastilla.es\/robertocarbajal\/wp-json\/wp\/v2\/posts\/500\/revisions"}],"wp:attachment":[{"href":"https:\/\/blogs.elnortedecastilla.es\/robertocarbajal\/wp-json\/wp\/v2\/media?parent=500"}],"wp:term":[{"taxonomy":"category","embeddable":true,"href":"https:\/\/blogs.elnortedecastilla.es\/robertocarbajal\/wp-json\/wp\/v2\/categories?post=500"},{"taxonomy":"post_tag","embeddable":true,"href":"https:\/\/blogs.elnortedecastilla.es\/robertocarbajal\/wp-json\/wp\/v2\/tags?post=500"}],"curies":[{"name":"wp","href":"https:\/\/api.w.org\/{rel}","templated":true}]}}