{"id":501,"date":"2014-02-06T08:07:23","date_gmt":"2014-02-06T07:07:23","guid":{"rendered":"http:\/\/blogs.elnortedecastilla.es\/robertocarbajal\/?p=501"},"modified":"2014-02-06T08:07:23","modified_gmt":"2014-02-06T07:07:23","slug":"luces-y-nada","status":"publish","type":"post","link":"https:\/\/blogs.elnortedecastilla.es\/robertocarbajal\/2014\/02\/06\/luces-y-nada\/","title":{"rendered":"Luces y nada"},"content":{"rendered":"<p>Espa\u00f1a va bien, va bien, que dec\u00eda el otro; Espa\u00f1a est\u00e1 servida, confirmamos nosotros. Podr\u00edamos encajar la situaci\u00f3n en una chanza muy conocida sobre el dictador Franco: Espa\u00f1oles, hace unos a\u00f1os est\u00e1bamos al borde del precipicio; hoy hemos dado un paso al frente.<\/p>\n<p>Cuando a\u00fan no se han desvanecido las fanfarrias triunfalistas de la convenci\u00f3n popular del pasado fin de semana, dos d\u00edas despu\u00e9s supimos que el desempleo aument\u00f3 en m\u00e1s de cien mil personas y que las afiliaciones a la Seguridad Social se desploman. Ten\u00eda raz\u00f3n Dolores de Cospedal: fuera del PP no hay nada. Se refer\u00eda a asuntos dom\u00e9sticos, pero la sentencia sirve lo mismo para un roto que para un descosido. Hay que interpretar a la secretaria general: lejos del corrillo no hay nada. En el interior del partido hay algo, porque siempre habr\u00e1 un pu\u00f1ado de cargos dispuestos para los que vayan cay\u00e9ndose de la primera l\u00ednea. En el exterior, en la calle, hace un fr\u00edo que pela. Hiela en las almas de los desamparados por el Estado, m\u00e1s de dos millones de personas que no tienen ninguna prestaci\u00f3n. Nada, que dir\u00eda Cospedal. El Gobierno, por boca de sus secretarios de Estado de Seguridad Social y Empleo, asegura que hay motivos para la esperanza. Se felicitan por que el n\u00famero de parados ha aumentado menos que en el pasado. Esto puede explicarse f\u00e1cilmente: se ha vaciado tanto el saco del trabajo que ahora es casi misi\u00f3n imposible mandar a grandes cantidades de trabajadores a la calle. Es como llevar cinco monedas en el bolsillo y perder tres: a\u00fan te quedan dos.<\/p>\n<p>Las cifras de la actividad productiva en Espa\u00f1a muestran claramente que el Gobierno de Rajoy es la nada. No ha puesto en marcha medidas de est\u00edmulo; no fluye el cr\u00e9dito; crear una empresa en este pa\u00eds es un calvario; sueldos a la baja, consumo por los suelos y corrupci\u00f3n. Recortar es muy f\u00e1cil, no hay que ser un genio ni frotar la l\u00e1mpara. Los n\u00fameros no conocen de magia. Vivimos en el pa\u00eds de la nada, con una mano delante y otra detr\u00e1s. No se vislumbra otra luz que el estallido social.    <\/p>\n<p><em>Publicado en El Norte de Castilla el 5 de febrero de 2014<\/em><\/p>\n","protected":false},"excerpt":{"rendered":"<p>Espa\u00f1a va bien, va bien, que dec\u00eda el otro; Espa\u00f1a est\u00e1 servida, confirmamos nosotros. Podr\u00edamos encajar la situaci\u00f3n en una chanza muy conocida sobre el dictador Franco: Espa\u00f1oles, hace unos a\u00f1os est\u00e1bamos al borde del precipicio; hoy hemos dado un paso al frente. Cuando a\u00fan no se han desvanecido las fanfarrias triunfalistas de la convenci\u00f3n [&hellip;]<\/p>\n","protected":false},"author":8,"featured_media":0,"comment_status":"open","ping_status":"open","sticky":false,"template":"","format":"standard","meta":[],"categories":[3,8],"tags":[],"_links":{"self":[{"href":"https:\/\/blogs.elnortedecastilla.es\/robertocarbajal\/wp-json\/wp\/v2\/posts\/501"}],"collection":[{"href":"https:\/\/blogs.elnortedecastilla.es\/robertocarbajal\/wp-json\/wp\/v2\/posts"}],"about":[{"href":"https:\/\/blogs.elnortedecastilla.es\/robertocarbajal\/wp-json\/wp\/v2\/types\/post"}],"author":[{"embeddable":true,"href":"https:\/\/blogs.elnortedecastilla.es\/robertocarbajal\/wp-json\/wp\/v2\/users\/8"}],"replies":[{"embeddable":true,"href":"https:\/\/blogs.elnortedecastilla.es\/robertocarbajal\/wp-json\/wp\/v2\/comments?post=501"}],"version-history":[{"count":0,"href":"https:\/\/blogs.elnortedecastilla.es\/robertocarbajal\/wp-json\/wp\/v2\/posts\/501\/revisions"}],"wp:attachment":[{"href":"https:\/\/blogs.elnortedecastilla.es\/robertocarbajal\/wp-json\/wp\/v2\/media?parent=501"}],"wp:term":[{"taxonomy":"category","embeddable":true,"href":"https:\/\/blogs.elnortedecastilla.es\/robertocarbajal\/wp-json\/wp\/v2\/categories?post=501"},{"taxonomy":"post_tag","embeddable":true,"href":"https:\/\/blogs.elnortedecastilla.es\/robertocarbajal\/wp-json\/wp\/v2\/tags?post=501"}],"curies":[{"name":"wp","href":"https:\/\/api.w.org\/{rel}","templated":true}]}}