{"id":503,"date":"2014-02-20T08:07:05","date_gmt":"2014-02-20T07:07:05","guid":{"rendered":"http:\/\/blogs.elnortedecastilla.es\/robertocarbajal\/?p=503"},"modified":"2014-02-20T08:07:05","modified_gmt":"2014-02-20T07:07:05","slug":"personas-no-plagas","status":"publish","type":"post","link":"https:\/\/blogs.elnortedecastilla.es\/robertocarbajal\/2014\/02\/20\/personas-no-plagas\/","title":{"rendered":"Personas, no plagas"},"content":{"rendered":"<p>El mundo est\u00e1 deshumaniz\u00e1ndose. El capital gobierna el planeta y los poderes p\u00fablicos hincan la rodilla ante su arrolladora omnisciencia. Ya. El caso de Espa\u00f1a no escapa a ese fulgor material, pero a\u00fan daba la sensaci\u00f3n de que aqu\u00ed no se hab\u00eda desvanecido la sensibilidad ante quienes llegaban a nuestras costas con un h\u00e1lito de vida. Permanec\u00edan frescas en nuestra retina las im\u00e1genes de agentes de la Guardia Civil amparando con delicadeza a los inmigrantes que arribaban exhaustos a suelo espa\u00f1ol. Hombres y mujeres auxiliados por miembros de este cuerpo policial, brind\u00e1ndoles un abrazo y cubri\u00e9ndolos con mantas. Ni\u00f1os en brazos de esos mismos agentes que conten\u00edan las l\u00e1grimas como pod\u00edan ante la crudeza de la tragedia. Todos estos hitos han sido eclipsados por un incidente lamentable, del que a\u00fan queda por despejar qui\u00e9n dio la orden de disparar pelotas de goma contra personas que nadaban a la desesperada y, lo que es m\u00e1s troncal, qui\u00e9nes han marcado los protocolos que han desembocado en este triste incidente.<\/p>\n<p>Las c\u00e1maras que contienen las im\u00e1genes de los hechos deben revelar qu\u00e9 sucedi\u00f3. Graban durante veinticuatro horas todo lo que se mueve a lo largo de los ocho kil\u00f3metros de frontera. El mero hecho de disparar pelotas al mar y no a las personas no exime a los responsables jer\u00e1rquicos de la gravedad con que se manej\u00f3 este asunto. Quienes nadaban a la desesperada desconoc\u00edan la naturaleza de las armas; solo pataleaban en el agua para eludir la munici\u00f3n. Las contradicciones entre el director general de la Benem\u00e9rita y el ministro del Interior exigen depurar responsabilidades sin dilaci\u00f3n. Han muerto quince personas, a quienes habitualmente se les llama subsaharianos, africanos, negros y una g\u00e9lida ristra de adjetivos. Esta sangr\u00eda no va a terminar. Miles de personas aguardan su turno para llegar a Espa\u00f1a, gritando Bar\u00e7a, Bar\u00e7a. Son seres humanos, individuos nacidos, no un \u00f3vulo fecundado del tama\u00f1o de un euro. La \u2018mercanc\u00eda\u2019 que llega a esta parte de la UE son personas, no cosas. Teng\u00e1moslo presente.<\/p>\n<p><em>Publicado en El Norte de Castilla el 19 de febrero de 2014<\/em><\/p>\n","protected":false},"excerpt":{"rendered":"<p>El mundo est\u00e1 deshumaniz\u00e1ndose. El capital gobierna el planeta y los poderes p\u00fablicos hincan la rodilla ante su arrolladora omnisciencia. Ya. El caso de Espa\u00f1a no escapa a ese fulgor material, pero a\u00fan daba la sensaci\u00f3n de que aqu\u00ed no se hab\u00eda desvanecido la sensibilidad ante quienes llegaban a nuestras costas con un h\u00e1lito de [&hellip;]<\/p>\n","protected":false},"author":8,"featured_media":0,"comment_status":"open","ping_status":"open","sticky":false,"template":"","format":"standard","meta":[],"categories":[3,8,11],"tags":[],"_links":{"self":[{"href":"https:\/\/blogs.elnortedecastilla.es\/robertocarbajal\/wp-json\/wp\/v2\/posts\/503"}],"collection":[{"href":"https:\/\/blogs.elnortedecastilla.es\/robertocarbajal\/wp-json\/wp\/v2\/posts"}],"about":[{"href":"https:\/\/blogs.elnortedecastilla.es\/robertocarbajal\/wp-json\/wp\/v2\/types\/post"}],"author":[{"embeddable":true,"href":"https:\/\/blogs.elnortedecastilla.es\/robertocarbajal\/wp-json\/wp\/v2\/users\/8"}],"replies":[{"embeddable":true,"href":"https:\/\/blogs.elnortedecastilla.es\/robertocarbajal\/wp-json\/wp\/v2\/comments?post=503"}],"version-history":[{"count":0,"href":"https:\/\/blogs.elnortedecastilla.es\/robertocarbajal\/wp-json\/wp\/v2\/posts\/503\/revisions"}],"wp:attachment":[{"href":"https:\/\/blogs.elnortedecastilla.es\/robertocarbajal\/wp-json\/wp\/v2\/media?parent=503"}],"wp:term":[{"taxonomy":"category","embeddable":true,"href":"https:\/\/blogs.elnortedecastilla.es\/robertocarbajal\/wp-json\/wp\/v2\/categories?post=503"},{"taxonomy":"post_tag","embeddable":true,"href":"https:\/\/blogs.elnortedecastilla.es\/robertocarbajal\/wp-json\/wp\/v2\/tags?post=503"}],"curies":[{"name":"wp","href":"https:\/\/api.w.org\/{rel}","templated":true}]}}