{"id":504,"date":"2014-02-27T08:07:24","date_gmt":"2014-02-27T07:07:24","guid":{"rendered":"http:\/\/blogs.elnortedecastilla.es\/robertocarbajal\/?p=504"},"modified":"2014-02-27T08:07:24","modified_gmt":"2014-02-27T07:07:24","slug":"gobierno-o-convento","status":"publish","type":"post","link":"https:\/\/blogs.elnortedecastilla.es\/robertocarbajal\/2014\/02\/27\/gobierno-o-convento\/","title":{"rendered":"\u00bfGobierno o convento?"},"content":{"rendered":"<p>Ll\u00e1menme puntilloso, pero conceder la mayor de las distinciones policiales a la Virgen no tiene ni pies ni cabeza. Jorge Fern\u00e1ndez D\u00edaz est\u00e1 confuso. A\u00fan se pierde acerca de la diferencia entre ser ministro de un gobierno y oficiar un ministerio en una prelatura. El caso es que ha vuelto a hacerlo. En 2012 concedi\u00f3 otra medalla a la Virgen del Pilar, patrona de la Guardia Civil. Ahora conocemos que ha prendido la medalla de oro al m\u00e9rito policial a Nuestra Se\u00f1ora Mar\u00eda Sant\u00edsima del Amor, porque dice que el CNP comparte con ella valores como la dedicaci\u00f3n, el desvelo, la solidaridad y el sacrificio. Es decir, que la madre de Jes\u00fas de Nazaret ya cuenta con dos medallas, que sepamos. Este tipo de condecoraciones se conceden a personas, vivas o no, que hayan prestado alg\u00fan servicio extraordinario a la sociedad. Por poner un ejemplo: un polic\u00eda que sufra mutilaciones, muera, se comporte como un h\u00e9roe sin importarle el precio o situaciones por<br \/>\nel estilo se convierte en destinatario del mencionado colgante. Pero \u00bfcu\u00e1les son los m\u00e9ritos de la Virgen? De hecho, nadie ha demostrado que sea de carne y hueso. Como se trata de una cuesti\u00f3n de fe, estos asuntos son delicados y deben quedar reducidos al \u00e1mbito de las manifestaciones religiosas. Nuestra manoseada Constituci\u00f3n refleja claramente que Espa\u00f1a es un Estado aconfesional; es decir, no existe una religi\u00f3n oficial. Por tanto, nadie alcanza a digerir este tipo de canonj\u00edas.<\/p>\n<p>Este Gobierno se encomienda a santa Teresa o a otros mitos en esa b\u00fasqueda de ayuda desesperada, que solape o entierre su incompetencia. El santurr\u00f3n del ministro es muy dado a practicar la doble moral de a Dios rogando y con el mazo dando, como todo el mundo ha podido comprobar. Cabe preguntarse qu\u00e9 pasar\u00e1 por la cabeza de un polic\u00eda o guardia civil cuando se equiparan los servicios reales que prestan a la ciudadan\u00eda arriesgando sus vidas con no s\u00e9 qu\u00e9 creencias, cat\u00f3licas, musulmanas o cienciol\u00f3gicas. Lo que s\u00ed est\u00e1 claro es que Interior maneja el hisopo a lo loco desde un altar inventado. <\/p>\n<p><em>Publicado en El Norte de Castilla el 26 de febrero de 2014<\/em><\/p>\n","protected":false},"excerpt":{"rendered":"<p>Ll\u00e1menme puntilloso, pero conceder la mayor de las distinciones policiales a la Virgen no tiene ni pies ni cabeza. Jorge Fern\u00e1ndez D\u00edaz est\u00e1 confuso. A\u00fan se pierde acerca de la diferencia entre ser ministro de un gobierno y oficiar un ministerio en una prelatura. El caso es que ha vuelto a hacerlo. En 2012 concedi\u00f3 [&hellip;]<\/p>\n","protected":false},"author":8,"featured_media":0,"comment_status":"open","ping_status":"open","sticky":false,"template":"","format":"standard","meta":[],"categories":[3,8,11],"tags":[],"_links":{"self":[{"href":"https:\/\/blogs.elnortedecastilla.es\/robertocarbajal\/wp-json\/wp\/v2\/posts\/504"}],"collection":[{"href":"https:\/\/blogs.elnortedecastilla.es\/robertocarbajal\/wp-json\/wp\/v2\/posts"}],"about":[{"href":"https:\/\/blogs.elnortedecastilla.es\/robertocarbajal\/wp-json\/wp\/v2\/types\/post"}],"author":[{"embeddable":true,"href":"https:\/\/blogs.elnortedecastilla.es\/robertocarbajal\/wp-json\/wp\/v2\/users\/8"}],"replies":[{"embeddable":true,"href":"https:\/\/blogs.elnortedecastilla.es\/robertocarbajal\/wp-json\/wp\/v2\/comments?post=504"}],"version-history":[{"count":0,"href":"https:\/\/blogs.elnortedecastilla.es\/robertocarbajal\/wp-json\/wp\/v2\/posts\/504\/revisions"}],"wp:attachment":[{"href":"https:\/\/blogs.elnortedecastilla.es\/robertocarbajal\/wp-json\/wp\/v2\/media?parent=504"}],"wp:term":[{"taxonomy":"category","embeddable":true,"href":"https:\/\/blogs.elnortedecastilla.es\/robertocarbajal\/wp-json\/wp\/v2\/categories?post=504"},{"taxonomy":"post_tag","embeddable":true,"href":"https:\/\/blogs.elnortedecastilla.es\/robertocarbajal\/wp-json\/wp\/v2\/tags?post=504"}],"curies":[{"name":"wp","href":"https:\/\/api.w.org\/{rel}","templated":true}]}}