{"id":506,"date":"2014-03-06T08:07:21","date_gmt":"2014-03-06T07:07:21","guid":{"rendered":"http:\/\/blogs.elnortedecastilla.es\/robertocarbajal\/?p=506"},"modified":"2014-03-06T08:07:21","modified_gmt":"2014-03-06T07:07:21","slug":"el-origen-del-follon","status":"publish","type":"post","link":"https:\/\/blogs.elnortedecastilla.es\/robertocarbajal\/2014\/03\/06\/el-origen-del-follon\/","title":{"rendered":"El origen del foll\u00f3n"},"content":{"rendered":"<p>Leopoldo II de B\u00e9lgica fue un gran cabr\u00f3n; no uno de esos de andar por casa, sino un genocida de manual. Que nadie se escandalice, pero bajo su reinado masacr\u00f3, esclaviz\u00f3, humill\u00f3 y esquilm\u00f3 a los pobladores del llamado Congo Belga, hoy bautizado como no s\u00e9 qu\u00e9 rep\u00fablica democr\u00e1tica. Conviene tenerlo presente, no sea que perdamos las referencias.<\/p>\n<p>Mientras Occidente disfruta de un nivel de vida inmoral, oleadas de personas, tambi\u00e9n llamadas subsaharianos, inmigrantes, chusma o escoria reclaman un pedazo de bienestar del que se les priv\u00f3 en la primera etapa colonial. Se descoloniz\u00f3 mal, \u00bfsaben? Las potencias europeas abandonaron a su suerte a aquellos pueblos o lo que qued\u00f3 de ellos. Se constituyeron en naciones tuteladas por sus antiguas metr\u00f3polis y, en un ejercicio de hipocres\u00eda que destroza cualquier baremo, contin\u00faan ejerciendo el control de sus posesiones de anta\u00f1o. El caso belga no difiere demasiado de la pol\u00edtica que aplica Francia en esa zona del mundo, cuando env\u00eda tropas para salvar el cortijo. \u00c1frica es un tesoro, una joya oculta bajo el subsuelo del que los pa\u00edses primermundistas no tienen intenci\u00f3n de desprenderse. Uranio, cobalto, platino, petr\u00f3leo, oro, diamantes, cobre, colt\u00e1n y manganeso\u2026 Nada de eso, que dir\u00edan Les Luthiers: los europeos no vamos a desentendernos de semejante bot\u00edn. Adem\u00e1s, a fin de cuentas, qui\u00e9nes son esos muertos de hambre, \u00bfacaso se han ganado no uno, sino dos futuros venturosos? Vienen a reclamar unas migajas del pastel que hemos cocinado con sus ingredientes y les decimos que no hay sitio para ellos en derredor del mantel. La derecha rancia y los ultras estar\u00edan encantados si la ballena se los hubiese tragado, en vez de a Jon\u00e1s. Pero no, est\u00e1n vivos y coleando. Y cada vez son m\u00e1s quienes vienen para quedarse. Adem\u00e1s, materialmente, los necesitamos para repoblar nuestros pueblos y trabajar otra fuente de riqueza, los campos abandonados, un potos\u00ed inexplicablemente repudiado. Y para sostener el estado del bienestar. Es que uno se vuelve muy ego\u00edsta con los a\u00f1os.<\/p>\n<p><em>Publicado en El Norte de Castilla el 5 de marzo de 2014<\/em><\/p>\n","protected":false},"excerpt":{"rendered":"<p>Leopoldo II de B\u00e9lgica fue un gran cabr\u00f3n; no uno de esos de andar por casa, sino un genocida de manual. Que nadie se escandalice, pero bajo su reinado masacr\u00f3, esclaviz\u00f3, humill\u00f3 y esquilm\u00f3 a los pobladores del llamado Congo Belga, hoy bautizado como no s\u00e9 qu\u00e9 rep\u00fablica democr\u00e1tica. Conviene tenerlo presente, no sea que [&hellip;]<\/p>\n","protected":false},"author":8,"featured_media":0,"comment_status":"open","ping_status":"open","sticky":false,"template":"","format":"standard","meta":[],"categories":[3,8,11],"tags":[],"_links":{"self":[{"href":"https:\/\/blogs.elnortedecastilla.es\/robertocarbajal\/wp-json\/wp\/v2\/posts\/506"}],"collection":[{"href":"https:\/\/blogs.elnortedecastilla.es\/robertocarbajal\/wp-json\/wp\/v2\/posts"}],"about":[{"href":"https:\/\/blogs.elnortedecastilla.es\/robertocarbajal\/wp-json\/wp\/v2\/types\/post"}],"author":[{"embeddable":true,"href":"https:\/\/blogs.elnortedecastilla.es\/robertocarbajal\/wp-json\/wp\/v2\/users\/8"}],"replies":[{"embeddable":true,"href":"https:\/\/blogs.elnortedecastilla.es\/robertocarbajal\/wp-json\/wp\/v2\/comments?post=506"}],"version-history":[{"count":0,"href":"https:\/\/blogs.elnortedecastilla.es\/robertocarbajal\/wp-json\/wp\/v2\/posts\/506\/revisions"}],"wp:attachment":[{"href":"https:\/\/blogs.elnortedecastilla.es\/robertocarbajal\/wp-json\/wp\/v2\/media?parent=506"}],"wp:term":[{"taxonomy":"category","embeddable":true,"href":"https:\/\/blogs.elnortedecastilla.es\/robertocarbajal\/wp-json\/wp\/v2\/categories?post=506"},{"taxonomy":"post_tag","embeddable":true,"href":"https:\/\/blogs.elnortedecastilla.es\/robertocarbajal\/wp-json\/wp\/v2\/tags?post=506"}],"curies":[{"name":"wp","href":"https:\/\/api.w.org\/{rel}","templated":true}]}}