{"id":507,"date":"2014-03-13T08:07:33","date_gmt":"2014-03-13T07:07:33","guid":{"rendered":"http:\/\/blogs.elnortedecastilla.es\/robertocarbajal\/?p=507"},"modified":"2014-03-13T08:07:33","modified_gmt":"2014-03-13T07:07:33","slug":"oportunidad-o-casualidad","status":"publish","type":"post","link":"https:\/\/blogs.elnortedecastilla.es\/robertocarbajal\/2014\/03\/13\/oportunidad-o-casualidad\/","title":{"rendered":"\u00bfOportunidad o casualidad?"},"content":{"rendered":"<p>El Gobierno cristiano y conservador de Espa\u00f1a quiere que los jud\u00edos vuelvan a casa. Aquellos hebreos eran unos ingenuos: muchos se llevaron las llaves de sus hogares, tal vez pensando en que llegar\u00edan tiempos mejores. Es posible que s\u00f3lo cargasen con ellas como un recuerdo sentimental de su amada Sefarad. El caso es que no retornaron y sus descendientes directos conservaron la lengua y las costumbres en sus nuevas tierras de acogida africanas o americanas.<\/p>\n<p>La vida da tantas vueltas como el pueblo jud\u00edo y hete aqu\u00ed con que el proyecto que maneja el PP se convertir\u00e1 en ley, al parecer, sin oposici\u00f3n de ning\u00fan grupo parlamentario. Esta proposici\u00f3n coincide caprichosamente con otra boba circunstancia, esa que otorgar\u00e1 el derecho de residencia a los extranjeros que compren e inviertan buenas sumas en Espa\u00f1a. \u00bfCasualidad? Hmm, bendita casualidad, dir\u00e1n algunos. Sefarad\/Espa\u00f1a est\u00e1 a la venta a causa de los excesos. Es tierra de oportunidades, entendidas tal y como aplican los tenderos ese t\u00e9rmino a las existencias \u2018outlet\u2019. Sea como fuere, muchos descendientes de aquellos espa\u00f1oles despojados de todas sus posesiones est\u00e1n removiendo el desv\u00e1n para recabar documentaci\u00f3n que acredite sus ra\u00edces y optar al pl\u00e1cet de Gallard\u00f3n y el resto del coro. Quien vea en este asunto trazas de sentimentalismo y justicia es mejor que reinicie las sinapsis. Este movimiento tiene toda la pinta de traer emigraci\u00f3n de calidad, con pasta fresca para invertir. No olvidemos que la demonizaci\u00f3n de nuestros antiguos compatriotas cargaba, entre otros nimios detalles, con la deuda contra\u00edda por el poder con los jud\u00edos, quienes prestaron sus finanzas al servicio de lo que luego se llam\u00f3 Espa\u00f1a. Antes que pagar, rastrear y limpiar la sangre. Las embajadas est\u00e1n a tope de peticiones y los rabinos no dan abasto aportando papeler\u00eda. De nuevo, los jud\u00edos a soltar la plata para auxiliar al pa\u00eds. \u00bfQue por qu\u00e9 no se ha aplicado el mismo rasero a los moriscos, laminados como los judeoespa\u00f1oles? Quiz\u00e1 no les gusten los moros sin recursos.     <\/p>\n<p><em>Publicado en El Norte de Castilla el 12 de marzo de 2014<\/em><\/p>\n","protected":false},"excerpt":{"rendered":"<p>El Gobierno cristiano y conservador de Espa\u00f1a quiere que los jud\u00edos vuelvan a casa. Aquellos hebreos eran unos ingenuos: muchos se llevaron las llaves de sus hogares, tal vez pensando en que llegar\u00edan tiempos mejores. Es posible que s\u00f3lo cargasen con ellas como un recuerdo sentimental de su amada Sefarad. El caso es que no [&hellip;]<\/p>\n","protected":false},"author":8,"featured_media":0,"comment_status":"open","ping_status":"open","sticky":false,"template":"","format":"standard","meta":[],"categories":[3,8,11],"tags":[],"_links":{"self":[{"href":"https:\/\/blogs.elnortedecastilla.es\/robertocarbajal\/wp-json\/wp\/v2\/posts\/507"}],"collection":[{"href":"https:\/\/blogs.elnortedecastilla.es\/robertocarbajal\/wp-json\/wp\/v2\/posts"}],"about":[{"href":"https:\/\/blogs.elnortedecastilla.es\/robertocarbajal\/wp-json\/wp\/v2\/types\/post"}],"author":[{"embeddable":true,"href":"https:\/\/blogs.elnortedecastilla.es\/robertocarbajal\/wp-json\/wp\/v2\/users\/8"}],"replies":[{"embeddable":true,"href":"https:\/\/blogs.elnortedecastilla.es\/robertocarbajal\/wp-json\/wp\/v2\/comments?post=507"}],"version-history":[{"count":0,"href":"https:\/\/blogs.elnortedecastilla.es\/robertocarbajal\/wp-json\/wp\/v2\/posts\/507\/revisions"}],"wp:attachment":[{"href":"https:\/\/blogs.elnortedecastilla.es\/robertocarbajal\/wp-json\/wp\/v2\/media?parent=507"}],"wp:term":[{"taxonomy":"category","embeddable":true,"href":"https:\/\/blogs.elnortedecastilla.es\/robertocarbajal\/wp-json\/wp\/v2\/categories?post=507"},{"taxonomy":"post_tag","embeddable":true,"href":"https:\/\/blogs.elnortedecastilla.es\/robertocarbajal\/wp-json\/wp\/v2\/tags?post=507"}],"curies":[{"name":"wp","href":"https:\/\/api.w.org\/{rel}","templated":true}]}}