{"id":510,"date":"2014-03-23T15:34:25","date_gmt":"2014-03-23T14:34:25","guid":{"rendered":"http:\/\/blogs.elnortedecastilla.es\/robertocarbajal\/?p=510"},"modified":"2014-03-23T15:34:25","modified_gmt":"2014-03-23T14:34:25","slug":"adios-presidente","status":"publish","type":"post","link":"https:\/\/blogs.elnortedecastilla.es\/robertocarbajal\/2014\/03\/23\/adios-presidente\/","title":{"rendered":"Adi\u00f3s, Presidente"},"content":{"rendered":"<p>Adolfo Su\u00e1rez Gonz\u00e1lez ha muerto tras once a\u00f1os borr\u00e1ndose. El alzheimer lo desposey\u00f3 de la memoria, pero s\u00f3lo a \u00e9l; quienes disfrutamos ahora de una base democr\u00e1tica debemos rendirle un homenaje \u00edntimo y manifestarnos lo justo. La Historia lo recordar\u00e1 con la grandeza de alguien que, en unos momentos extremadamente peligrosos para su proyecto, implant\u00f3 el r\u00e9gimen de libertades en Espa\u00f1a.<\/p>\n<p>Fue maltratado por los miembros de su partido, que lo dejaron solo, trataron de dinamitar su obra y le impelieron a dimitir. Su visi\u00f3n de estadista fue antepuesta por este gran hombre a sus ambiciones personales. Hoy, que este viejo pa\u00eds se viste de luto, comenzar\u00e1n a escucharse las palabras huecas de muchos politicastros que contribuyeron a hacerle la cama. Comparar a Su\u00e1rez con cualquiera de quienes le sucedieron da risa, cuando no pena. El mejor homenaje que quienes contribuyeron a su ca\u00edda podr\u00edan brindarle es guardar silencio. Descanse en paz Adolfo Su\u00e1rez Gonz\u00e1lez. \u00c9l no recordaba que hab\u00eda sido presidente; nosotros s\u00ed, y no debemos olvidarlo.<\/p>\n","protected":false},"excerpt":{"rendered":"<p>Adolfo Su\u00e1rez Gonz\u00e1lez ha muerto tras once a\u00f1os borr\u00e1ndose. El alzheimer lo desposey\u00f3 de la memoria, pero s\u00f3lo a \u00e9l; quienes disfrutamos ahora de una base democr\u00e1tica debemos rendirle un homenaje \u00edntimo y manifestarnos lo justo. La Historia lo recordar\u00e1 con la grandeza de alguien que, en unos momentos extremadamente peligrosos para su proyecto, implant\u00f3 [&hellip;]<\/p>\n","protected":false},"author":8,"featured_media":0,"comment_status":"open","ping_status":"open","sticky":false,"template":"","format":"standard","meta":[],"categories":[3],"tags":[],"_links":{"self":[{"href":"https:\/\/blogs.elnortedecastilla.es\/robertocarbajal\/wp-json\/wp\/v2\/posts\/510"}],"collection":[{"href":"https:\/\/blogs.elnortedecastilla.es\/robertocarbajal\/wp-json\/wp\/v2\/posts"}],"about":[{"href":"https:\/\/blogs.elnortedecastilla.es\/robertocarbajal\/wp-json\/wp\/v2\/types\/post"}],"author":[{"embeddable":true,"href":"https:\/\/blogs.elnortedecastilla.es\/robertocarbajal\/wp-json\/wp\/v2\/users\/8"}],"replies":[{"embeddable":true,"href":"https:\/\/blogs.elnortedecastilla.es\/robertocarbajal\/wp-json\/wp\/v2\/comments?post=510"}],"version-history":[{"count":0,"href":"https:\/\/blogs.elnortedecastilla.es\/robertocarbajal\/wp-json\/wp\/v2\/posts\/510\/revisions"}],"wp:attachment":[{"href":"https:\/\/blogs.elnortedecastilla.es\/robertocarbajal\/wp-json\/wp\/v2\/media?parent=510"}],"wp:term":[{"taxonomy":"category","embeddable":true,"href":"https:\/\/blogs.elnortedecastilla.es\/robertocarbajal\/wp-json\/wp\/v2\/categories?post=510"},{"taxonomy":"post_tag","embeddable":true,"href":"https:\/\/blogs.elnortedecastilla.es\/robertocarbajal\/wp-json\/wp\/v2\/tags?post=510"}],"curies":[{"name":"wp","href":"https:\/\/api.w.org\/{rel}","templated":true}]}}