{"id":511,"date":"2014-03-27T08:07:59","date_gmt":"2014-03-27T07:07:59","guid":{"rendered":"http:\/\/blogs.elnortedecastilla.es\/robertocarbajal\/?p=511"},"modified":"2014-03-27T08:07:59","modified_gmt":"2014-03-27T07:07:59","slug":"la-sombra","status":"publish","type":"post","link":"https:\/\/blogs.elnortedecastilla.es\/robertocarbajal\/2014\/03\/27\/la-sombra\/","title":{"rendered":"La sombra"},"content":{"rendered":"<p>Espa\u00f1a tiene la fea costumbre de ensalzar a sus muertos tras patearlos. Adolfo Su\u00e1rez ha sido el \u00faltimo. Quienes lo denostaron en el pasado, le hicieron la cama o participaron en la crucifixi\u00f3n ahora le ponen por las nubes. Vivimos en un pa\u00eds cainita e ingrato y parece que s\u00f3lo las masas se ven impelidas a reconocer los valores de nuestro capital humano de un modo espont\u00e1neo. Durante estos d\u00edas enlutados han desfilado ante el catafalco del expresidente los autores de la pasi\u00f3n y muerte de uno de los dos estadistas de la historia espa\u00f1ola contempor\u00e1nea; el otro es Felipe Gonz\u00e1lez. Todos los dem\u00e1s podr\u00edan ser calificados como material fungible, como el t\u00f3ner de las impresoras, que imprime cualquier bagatela.<\/p>\n<p>La marea de los bien situados en la escena pol\u00edtica han glosado la figura de Su\u00e1rez en exceso, y no porque este adalid de la primera Transici\u00f3n no mereciera el reconocimiento de la excelsa habilidad que obraron sus malabarismos, burlando a los reaccionarios franquistas. Hay quien ha resaltado que el abulense no era un intelectual, como si de una innovadora y profunda reflexi\u00f3n se tratase. O que le cost\u00f3 acabar Derecho (!). Su\u00e1rez tuvo sus sombras, faltar\u00eda m\u00e1s, pero su obra brilla con luz propia; no necesita que las alabanzas impostadas de algunos coloquen a este visionario en el lugar que le corresponde en la Historia.<\/p>\n<p>Resulta curioso el efecto que se ha producido estos d\u00edas. Cuanto m\u00e1s se ilustraba al presidente muerto, m\u00e1s peque\u00f1os parec\u00edan algunos de los vivos. Su\u00e1rez sac\u00f3 adelante los Pactos de la Moncloa, que supusieron un acuerdo total de los partidos para rescatar a Espa\u00f1a de la tremenda crisis en la que estaba sumida. Hoy, en cambio, cuando tan necesaria es la reedici\u00f3n de aquel pacto, nos encontramos con que la pol\u00edtica juega fuera de campo, anteponiendo sus intereses particulares a los generales. La figura de Adolfo Su\u00e1rez crece exponencialmente, proyectando una gigantesca sombra, tras la que buscan cobijo y mimetismo los tah\u00fares de nuestro tiempo. Desconocen que el talento no es contagioso.<\/p>\n<p><em>Publicado en El Norte de Castilla el 26 de marzo de 2014<\/em><\/p>\n","protected":false},"excerpt":{"rendered":"<p>Espa\u00f1a tiene la fea costumbre de ensalzar a sus muertos tras patearlos. Adolfo Su\u00e1rez ha sido el \u00faltimo. Quienes lo denostaron en el pasado, le hicieron la cama o participaron en la crucifixi\u00f3n ahora le ponen por las nubes. Vivimos en un pa\u00eds cainita e ingrato y parece que s\u00f3lo las masas se ven impelidas [&hellip;]<\/p>\n","protected":false},"author":8,"featured_media":0,"comment_status":"open","ping_status":"open","sticky":false,"template":"","format":"standard","meta":[],"categories":[3,8],"tags":[33],"_links":{"self":[{"href":"https:\/\/blogs.elnortedecastilla.es\/robertocarbajal\/wp-json\/wp\/v2\/posts\/511"}],"collection":[{"href":"https:\/\/blogs.elnortedecastilla.es\/robertocarbajal\/wp-json\/wp\/v2\/posts"}],"about":[{"href":"https:\/\/blogs.elnortedecastilla.es\/robertocarbajal\/wp-json\/wp\/v2\/types\/post"}],"author":[{"embeddable":true,"href":"https:\/\/blogs.elnortedecastilla.es\/robertocarbajal\/wp-json\/wp\/v2\/users\/8"}],"replies":[{"embeddable":true,"href":"https:\/\/blogs.elnortedecastilla.es\/robertocarbajal\/wp-json\/wp\/v2\/comments?post=511"}],"version-history":[{"count":0,"href":"https:\/\/blogs.elnortedecastilla.es\/robertocarbajal\/wp-json\/wp\/v2\/posts\/511\/revisions"}],"wp:attachment":[{"href":"https:\/\/blogs.elnortedecastilla.es\/robertocarbajal\/wp-json\/wp\/v2\/media?parent=511"}],"wp:term":[{"taxonomy":"category","embeddable":true,"href":"https:\/\/blogs.elnortedecastilla.es\/robertocarbajal\/wp-json\/wp\/v2\/categories?post=511"},{"taxonomy":"post_tag","embeddable":true,"href":"https:\/\/blogs.elnortedecastilla.es\/robertocarbajal\/wp-json\/wp\/v2\/tags?post=511"}],"curies":[{"name":"wp","href":"https:\/\/api.w.org\/{rel}","templated":true}]}}