{"id":512,"date":"2014-04-03T08:07:27","date_gmt":"2014-04-03T07:07:27","guid":{"rendered":"http:\/\/blogs.elnortedecastilla.es\/robertocarbajal\/?p=512"},"modified":"2014-04-03T08:07:27","modified_gmt":"2014-04-03T07:07:27","slug":"pacientes","status":"publish","type":"post","link":"https:\/\/blogs.elnortedecastilla.es\/robertocarbajal\/2014\/04\/03\/pacientes\/","title":{"rendered":"Pacientes"},"content":{"rendered":"<p>El pueblo espa\u00f1ol merece un monumento. La dificultad estriba en qu\u00e9 forma darle, pues a ver c\u00f3mo se sintetiza el sentir de tant\u00edsimos millones de personas. Espa\u00f1a es un pa\u00eds de amplias tragaderas, hasta que se estira la goma demasiado y estalla haciendo correr la sangre. En circunstancias como las actuales, resulta extra\u00f1o que la gente no se haya echado a las calles en masa. Son casi un misterio las razones que a\u00fan mantienen a los desfavorecidos sumidos en la resignaci\u00f3n y la calma chicha. El auxilio social de las oeneg\u00e9s, los ahorros del abuelo que enjugan las l\u00e1grimas y la rabia o, sencillamente, el miedo a las consecuencias embridan este caos.<\/p>\n<p>El actual gobierno popular s\u00f3lo ha puesto en marcha medidas que han diezmado las expectativas de este pa\u00eds antiguo e impredecible. A cada recorte, a cada hurto de derechos aquilatados con sufrimiento le han sucedido manifestaciones callejeras que han servido para liberar un poco de presi\u00f3n en esta olla expr\u00e9s nacional. Pero nada m\u00e1s. El poder hace o\u00eddos sordos a las reivindicaciones y, como si de una org\u00eda de sangre se tratase, las protestas han sido desacreditadas por la derecha con descalificativos imprudentes. Da la sensaci\u00f3n de que algunos chapotean con gusto en la penuria ajena cual beb\u00e9 durante el ba\u00f1o, en el que el patito de goma sufre ahogamientos y vapuleos a mansalva. Al gobierno conservador le dan ca\u00f1a hasta los pr\u00f3ximos y ministros como Montoro le devuelven la tostada utilizando el descr\u00e9dito. C\u00e1ritas ha sido durante a\u00f1os un term\u00f3metro implacable, midiendo la pobreza del pa\u00eds de forma incontestable. Las cifras de C\u00e1ritas satisficieron a los populares, que las utilizaban para arremeter contra los socialistas. Claro que, ostentando el poder, esos datos son calificados como majader\u00edas. En Espa\u00f1a pasan hambre y necesidades desde el m\u00e1s grande hasta el m\u00e1s chico, una legi\u00f3n de millones de personas que caminan con resignaci\u00f3n sin hacer ruido. Es una inc\u00f3gnita hasta cu\u00e1ndo podr\u00e1 aguantarse esta situaci\u00f3n tan desesperada. Quiz\u00e1 cuando ya sea demasiado tarde.<\/p>\n<p><em>Publicado en El Norte de Castilla el 2 de abril de 2014<\/em><\/p>\n","protected":false},"excerpt":{"rendered":"<p>El pueblo espa\u00f1ol merece un monumento. La dificultad estriba en qu\u00e9 forma darle, pues a ver c\u00f3mo se sintetiza el sentir de tant\u00edsimos millones de personas. Espa\u00f1a es un pa\u00eds de amplias tragaderas, hasta que se estira la goma demasiado y estalla haciendo correr la sangre. En circunstancias como las actuales, resulta extra\u00f1o que la [&hellip;]<\/p>\n","protected":false},"author":8,"featured_media":0,"comment_status":"open","ping_status":"open","sticky":false,"template":"","format":"standard","meta":[],"categories":[3,8,11],"tags":[],"_links":{"self":[{"href":"https:\/\/blogs.elnortedecastilla.es\/robertocarbajal\/wp-json\/wp\/v2\/posts\/512"}],"collection":[{"href":"https:\/\/blogs.elnortedecastilla.es\/robertocarbajal\/wp-json\/wp\/v2\/posts"}],"about":[{"href":"https:\/\/blogs.elnortedecastilla.es\/robertocarbajal\/wp-json\/wp\/v2\/types\/post"}],"author":[{"embeddable":true,"href":"https:\/\/blogs.elnortedecastilla.es\/robertocarbajal\/wp-json\/wp\/v2\/users\/8"}],"replies":[{"embeddable":true,"href":"https:\/\/blogs.elnortedecastilla.es\/robertocarbajal\/wp-json\/wp\/v2\/comments?post=512"}],"version-history":[{"count":0,"href":"https:\/\/blogs.elnortedecastilla.es\/robertocarbajal\/wp-json\/wp\/v2\/posts\/512\/revisions"}],"wp:attachment":[{"href":"https:\/\/blogs.elnortedecastilla.es\/robertocarbajal\/wp-json\/wp\/v2\/media?parent=512"}],"wp:term":[{"taxonomy":"category","embeddable":true,"href":"https:\/\/blogs.elnortedecastilla.es\/robertocarbajal\/wp-json\/wp\/v2\/categories?post=512"},{"taxonomy":"post_tag","embeddable":true,"href":"https:\/\/blogs.elnortedecastilla.es\/robertocarbajal\/wp-json\/wp\/v2\/tags?post=512"}],"curies":[{"name":"wp","href":"https:\/\/api.w.org\/{rel}","templated":true}]}}