{"id":513,"date":"2014-04-10T08:07:25","date_gmt":"2014-04-10T07:07:25","guid":{"rendered":"http:\/\/blogs.elnortedecastilla.es\/robertocarbajal\/?p=513"},"modified":"2014-04-10T08:07:25","modified_gmt":"2014-04-10T07:07:25","slug":"primavera-catalana","status":"publish","type":"post","link":"https:\/\/blogs.elnortedecastilla.es\/robertocarbajal\/2014\/04\/10\/primavera-catalana\/","title":{"rendered":"Primavera catalana"},"content":{"rendered":"<p>Yerran el tiro quienes solo plantean el \u2018problema catal\u00e1n\u2019 como un desaf\u00edo constitucional. La trascendencia del debate no debe girar en torno a si Catalu\u00f1a es o no Espa\u00f1a, que lo es; ni el paup\u00e9rrimo argumento de que esa comunidad aut\u00f3noma no tendr\u00eda futuro fuera del Reino y, por tanto, de la UE, que lo tendr\u00eda. La cuesti\u00f3n est\u00e1 revestida de aditamentos m\u00e1s profundos que el puro argumentario legalista. El sentimiento es un componente m\u00e1s poderoso que la norma, aun siendo esta relevante para la convivencia democr\u00e1tica, y no se le est\u00e1 otorgando la carta de naturaleza que merece. Manipulados, reeducados bajo historicismos abigarrados por una causa pol\u00edtica o arengados mediante el victimismo durante d\u00e9cadas, la realidad es que ha ido creciendo el n\u00famero de catalanes que desean ser consultados sobre su espa\u00f1olidad. Cada empell\u00f3n enviado hacia aquella parte del territorio ha provocado efectos insalubres para la unidad del conjunto. Cada nuevo chascarrillo urdido con desprecio desde un altavoz medi\u00e1tico s\u00f3lo constituye un suma y sigue de ciudadanos que se unen al soberanismo. La chavaler\u00eda es la m\u00e1s entusiasta de todas, pues desde la inmadurez y la inducci\u00f3n celebran cualquier evento callejero con una fruici\u00f3n nada pueril. Un esp\u00edritu joven debidamente motivado desprende un halo revolucionario que trae consigo el reto al orden establecido, proclive al levantamiento contra la supuesta opresi\u00f3n. De hecho, es la juventud la que ha luchado en las revoluciones \u00e1rabes y, recientemente, en la ucraniana. Lejos de establecer paralelismos entre todas ellas, la tozudez de la realidad pro consulta a la que nos enfrentamos no debe impedir que nos rebelemos contra ese destino. El varapalo previsible que sufri\u00f3 ayer la causa en el Congreso a\u00f1adir\u00e1 m\u00e1s le\u00f1a al fuego. Se prev\u00e9 que durante los pr\u00f3ximos meses las v\u00edas de Catalu\u00f1a se conviertan en un hervidero de exaltaci\u00f3n nacionalista. M\u00e1s all\u00e1 de que se reaccione desde Madrid esgrimiendo el di\u00e1logo, el da\u00f1o ya est\u00e1 hecho. S\u00f3lo el bobo mira el dedo que apunta a la Luna.<\/p>\n<p><em>Publicado en El Norte de Castilla el 9 de abril de 2014<\/em><\/p>\n","protected":false},"excerpt":{"rendered":"<p>Yerran el tiro quienes solo plantean el \u2018problema catal\u00e1n\u2019 como un desaf\u00edo constitucional. La trascendencia del debate no debe girar en torno a si Catalu\u00f1a es o no Espa\u00f1a, que lo es; ni el paup\u00e9rrimo argumento de que esa comunidad aut\u00f3noma no tendr\u00eda futuro fuera del Reino y, por tanto, de la UE, que lo [&hellip;]<\/p>\n","protected":false},"author":8,"featured_media":0,"comment_status":"open","ping_status":"open","sticky":false,"template":"","format":"standard","meta":[],"categories":[3,8,11],"tags":[214,1115],"_links":{"self":[{"href":"https:\/\/blogs.elnortedecastilla.es\/robertocarbajal\/wp-json\/wp\/v2\/posts\/513"}],"collection":[{"href":"https:\/\/blogs.elnortedecastilla.es\/robertocarbajal\/wp-json\/wp\/v2\/posts"}],"about":[{"href":"https:\/\/blogs.elnortedecastilla.es\/robertocarbajal\/wp-json\/wp\/v2\/types\/post"}],"author":[{"embeddable":true,"href":"https:\/\/blogs.elnortedecastilla.es\/robertocarbajal\/wp-json\/wp\/v2\/users\/8"}],"replies":[{"embeddable":true,"href":"https:\/\/blogs.elnortedecastilla.es\/robertocarbajal\/wp-json\/wp\/v2\/comments?post=513"}],"version-history":[{"count":0,"href":"https:\/\/blogs.elnortedecastilla.es\/robertocarbajal\/wp-json\/wp\/v2\/posts\/513\/revisions"}],"wp:attachment":[{"href":"https:\/\/blogs.elnortedecastilla.es\/robertocarbajal\/wp-json\/wp\/v2\/media?parent=513"}],"wp:term":[{"taxonomy":"category","embeddable":true,"href":"https:\/\/blogs.elnortedecastilla.es\/robertocarbajal\/wp-json\/wp\/v2\/categories?post=513"},{"taxonomy":"post_tag","embeddable":true,"href":"https:\/\/blogs.elnortedecastilla.es\/robertocarbajal\/wp-json\/wp\/v2\/tags?post=513"}],"curies":[{"name":"wp","href":"https:\/\/api.w.org\/{rel}","templated":true}]}}