{"id":514,"date":"2014-04-17T08:07:02","date_gmt":"2014-04-17T07:07:02","guid":{"rendered":"http:\/\/blogs.elnortedecastilla.es\/robertocarbajal\/?p=514"},"modified":"2014-04-17T08:07:02","modified_gmt":"2014-04-17T07:07:02","slug":"tics-arcaicos","status":"publish","type":"post","link":"https:\/\/blogs.elnortedecastilla.es\/robertocarbajal\/2014\/04\/17\/tics-arcaicos\/","title":{"rendered":"Tics arcaicos"},"content":{"rendered":"<p>Espa\u00f1a contin\u00faa siendo un pa\u00eds medieval, controlado por la Iglesia y toda la cohorte f\u00e1ctica, pero con Internet y autom\u00f3viles. En lo dem\u00e1s, el calendario lleva congelado m\u00e1s de ocho siglos. Este a\u00f1o, por ejemplo, el Gobierno ha indultado a veinti\u00fan presos con motivo de la Semana Santa, a petici\u00f3n de las cofrad\u00edas. No puedo menos que preguntar qu\u00e9 hac\u00eda esta gente en la c\u00e1rcel. Si no constitu\u00edan una amenaza para la sociedad, hace tiempo que debieron abandonar su confinamiento, y no en nombre de Dios. Siendo Espa\u00f1a un pa\u00eds legalmente aconfesional, los musulmanes tendr\u00edan derecho a solicitar que durante el ramad\u00e1n se liberase a treinta de los suyos. Y por qu\u00e9 no: cuando Tom Cruise cumpla a\u00f1os, los cienci\u00f3logos podr\u00edan pedir la puesta en libertad de algunos de sus penados, apelando simplemente a la ley.<\/p>\n<p>Somos tontos de capirote por tolerar estas prerrogativas tan demod\u00e9s. Nadie tendr\u00eda que verse sometido al capricho de ninguna confesi\u00f3n, organizaci\u00f3n pol\u00edtica o coleccionistas de mu\u00f1ecas repollo. Se ve como \u2018normal\u2019 que las fuerzas de seguridad escolten a v\u00edrgenes o cristos, y que los pol\u00edticos en calidad de representantes p\u00fablicos desfilen durante las procesiones, una manifestaci\u00f3n religiosa que produce un agravio, pues la aconfesionalidad del Estado invoca que quienes han sido elegidos por el pueblo no deben portar m\u00e1s estandarte que el pluralismo, no el posicionamiento hacia ning\u00fan grupo m\u00edstico. Dado que esta casta ha jurado o prometido cumplir y hacer cumplir la ley, no comprendo por qu\u00e9 se aplican en todo lo contrario. Es cuando menos antiest\u00e9tico que un alcalde se arrodille ante una escultura religiosa a ofrecerle sumisi\u00f3n o pedirle ayuda para solucionar el desempleo. A t\u00edtulo personal, cualquiera puede proclamar sus anhelos hasta al equipo de f\u00fatbol de sus amores, pero todo tiene un l\u00edmite. Aparte de resultar poco cient\u00edfico, que la gente se zafe de su particular calvario no est\u00e1 en manos de ning\u00fan dios, salvo en el todopoderoso don dinero. Este s\u00ed que tendr\u00eda que desfilar durante todo el a\u00f1o.<\/p>\n<p><em>Publicado en El Norte de Castilla el 16 de abril de 2014<\/em><\/p>\n","protected":false},"excerpt":{"rendered":"<p>Espa\u00f1a contin\u00faa siendo un pa\u00eds medieval, controlado por la Iglesia y toda la cohorte f\u00e1ctica, pero con Internet y autom\u00f3viles. En lo dem\u00e1s, el calendario lleva congelado m\u00e1s de ocho siglos. Este a\u00f1o, por ejemplo, el Gobierno ha indultado a veinti\u00fan presos con motivo de la Semana Santa, a petici\u00f3n de las cofrad\u00edas. No puedo [&hellip;]<\/p>\n","protected":false},"author":8,"featured_media":0,"comment_status":"open","ping_status":"open","sticky":false,"template":"","format":"standard","meta":[],"categories":[3,8,11],"tags":[1087],"_links":{"self":[{"href":"https:\/\/blogs.elnortedecastilla.es\/robertocarbajal\/wp-json\/wp\/v2\/posts\/514"}],"collection":[{"href":"https:\/\/blogs.elnortedecastilla.es\/robertocarbajal\/wp-json\/wp\/v2\/posts"}],"about":[{"href":"https:\/\/blogs.elnortedecastilla.es\/robertocarbajal\/wp-json\/wp\/v2\/types\/post"}],"author":[{"embeddable":true,"href":"https:\/\/blogs.elnortedecastilla.es\/robertocarbajal\/wp-json\/wp\/v2\/users\/8"}],"replies":[{"embeddable":true,"href":"https:\/\/blogs.elnortedecastilla.es\/robertocarbajal\/wp-json\/wp\/v2\/comments?post=514"}],"version-history":[{"count":0,"href":"https:\/\/blogs.elnortedecastilla.es\/robertocarbajal\/wp-json\/wp\/v2\/posts\/514\/revisions"}],"wp:attachment":[{"href":"https:\/\/blogs.elnortedecastilla.es\/robertocarbajal\/wp-json\/wp\/v2\/media?parent=514"}],"wp:term":[{"taxonomy":"category","embeddable":true,"href":"https:\/\/blogs.elnortedecastilla.es\/robertocarbajal\/wp-json\/wp\/v2\/categories?post=514"},{"taxonomy":"post_tag","embeddable":true,"href":"https:\/\/blogs.elnortedecastilla.es\/robertocarbajal\/wp-json\/wp\/v2\/tags?post=514"}],"curies":[{"name":"wp","href":"https:\/\/api.w.org\/{rel}","templated":true}]}}