{"id":515,"date":"2014-04-17T22:59:54","date_gmt":"2014-04-17T21:59:54","guid":{"rendered":"http:\/\/blogs.elnortedecastilla.es\/robertocarbajal\/?p=515"},"modified":"2014-04-17T22:59:54","modified_gmt":"2014-04-17T21:59:54","slug":"hasta-siempre-gabo","status":"publish","type":"post","link":"https:\/\/blogs.elnortedecastilla.es\/robertocarbajal\/2014\/04\/17\/hasta-siempre-gabo\/","title":{"rendered":"Hasta siempre, Gabo"},"content":{"rendered":"<p>Gabriel Garc\u00eda M\u00e1rquez ha muerto, no su obra. El escritor que cautiv\u00f3 a varias generaciones de lectores con su literatura llena de efluvios latinoamericanos y un descriptivo sabor de la naturaleza humana se ha ido sin casi darnos cuenta. S\u00f3lo nos queda su obra; s\u00f3lo&#8230; tiene gracia. Desanse en paz.<\/p>\n","protected":false},"excerpt":{"rendered":"<p>Gabriel Garc\u00eda M\u00e1rquez ha muerto, no su obra. El escritor que cautiv\u00f3 a varias generaciones de lectores con su literatura llena de efluvios latinoamericanos y un descriptivo sabor de la naturaleza humana se ha ido sin casi darnos cuenta. S\u00f3lo nos queda su obra; s\u00f3lo&#8230; tiene gracia. Desanse en paz.<\/p>\n","protected":false},"author":8,"featured_media":0,"comment_status":"open","ping_status":"open","sticky":false,"template":"","format":"standard","meta":[],"categories":[3],"tags":[],"_links":{"self":[{"href":"https:\/\/blogs.elnortedecastilla.es\/robertocarbajal\/wp-json\/wp\/v2\/posts\/515"}],"collection":[{"href":"https:\/\/blogs.elnortedecastilla.es\/robertocarbajal\/wp-json\/wp\/v2\/posts"}],"about":[{"href":"https:\/\/blogs.elnortedecastilla.es\/robertocarbajal\/wp-json\/wp\/v2\/types\/post"}],"author":[{"embeddable":true,"href":"https:\/\/blogs.elnortedecastilla.es\/robertocarbajal\/wp-json\/wp\/v2\/users\/8"}],"replies":[{"embeddable":true,"href":"https:\/\/blogs.elnortedecastilla.es\/robertocarbajal\/wp-json\/wp\/v2\/comments?post=515"}],"version-history":[{"count":0,"href":"https:\/\/blogs.elnortedecastilla.es\/robertocarbajal\/wp-json\/wp\/v2\/posts\/515\/revisions"}],"wp:attachment":[{"href":"https:\/\/blogs.elnortedecastilla.es\/robertocarbajal\/wp-json\/wp\/v2\/media?parent=515"}],"wp:term":[{"taxonomy":"category","embeddable":true,"href":"https:\/\/blogs.elnortedecastilla.es\/robertocarbajal\/wp-json\/wp\/v2\/categories?post=515"},{"taxonomy":"post_tag","embeddable":true,"href":"https:\/\/blogs.elnortedecastilla.es\/robertocarbajal\/wp-json\/wp\/v2\/tags?post=515"}],"curies":[{"name":"wp","href":"https:\/\/api.w.org\/{rel}","templated":true}]}}