{"id":516,"date":"2014-04-24T08:07:16","date_gmt":"2014-04-24T07:07:16","guid":{"rendered":"http:\/\/blogs.elnortedecastilla.es\/robertocarbajal\/?p=516"},"modified":"2014-04-24T08:07:16","modified_gmt":"2014-04-24T07:07:16","slug":"el-cardenal-plutocrata","status":"publish","type":"post","link":"https:\/\/blogs.elnortedecastilla.es\/robertocarbajal\/2014\/04\/24\/el-cardenal-plutocrata\/","title":{"rendered":"El cardenal plut\u00f3crata"},"content":{"rendered":"<p>Tarcisio Bertone vivir\u00e1 el resto de sus d\u00edas encerrado con tres monjas en un \u00e1tico de setecientos metros cuadrados. El tama\u00f1o del casopl\u00f3n es proporcional a la megaloman\u00eda de este suntuoso pr\u00edncipe de la Iglesia. Tres monjas cuidar\u00e1n de \u00e9l, dedicadas a la cabeza, el tronco y las extremidades, respectivamente. Justo el relumbr\u00f3n que propugna el Papa pero a la inversa. No es de extra\u00f1ar que Francisco est\u00e9 escandalizado. \u00c9l vive en un espacio de setenta metros compartidos con alguna asistente, mientras que las estancias del jubilado suponen el p\u00e9talo que acoge el bander\u00edn del c\u00f3rner de un campo de f\u00fatbol, habida cuenta el tama\u00f1o de Ciudad del Vaticano. El espl\u00e9ndido diario La Repubblica titulaba \u201cEl super\u00e1tico de Bertone hace rabiar al Papa\u201d o \u201cLa ira de Francisco por el mega\u00e1tico de Bertone\u201d por el cabreo de Francisco.<\/p>\n<p>El untuoso cardenal ha maniobrado durante d\u00e9cadas sembrando ciza\u00f1a en la estructura de aquel peque\u00f1o e influyente pa\u00eds. Oh, Bertone, cu\u00e1ntos servicios a la Iglesia de s\u00ed mismo y qu\u00e9 mal pagados han sido sus desvelos. Detr\u00e1s de cada conspiraci\u00f3n siempre se entreve\u00eda su mano. Incluso cuando un cardenal desvel\u00f3 durante un viaje a China un compl\u00f3 para asesinar a Benedicto XVI, por querer limpiar la casa, aparec\u00eda el nombre del Don. Este jubilado de lujo velaba por que no se destapasen los esc\u00e1ndalos de pederastia y los oscuros manejos financieros de la Santa Sede, segando a diestro y siniestro las cabezas que pretend\u00edan poner orden entre las marm\u00f3reas estructuras de la casa. Tanta impotencia seg\u00f3 el germ\u00e1nico aplomo que a\u00fan atesoraba Joseph Ratzinger, el papa del ala este de aquella casa blanca. Francisco no tiene nada f\u00e1cil cortar de ra\u00edz tanto exceso y tanto defecto. Es posible que los miembros de la Guardia Suiza, los sacerdotes j\u00f3venes y muchos monaguillos conserven la esperanza de salvaguardar su soberan\u00eda intr\u00ednseca. Todos ellos conf\u00edan en este santo padre argentino que no aburre cuando habla y a quien le espera una tarea m\u00e1s herc\u00falea que la erecci\u00f3n del barrac\u00f3n del g\u00e9lido Bertone.<\/p>\n<p><em>Publicado en El Norte de Castilla el 23 de abril de 2014<\/em><\/p>\n","protected":false},"excerpt":{"rendered":"<p>Tarcisio Bertone vivir\u00e1 el resto de sus d\u00edas encerrado con tres monjas en un \u00e1tico de setecientos metros cuadrados. El tama\u00f1o del casopl\u00f3n es proporcional a la megaloman\u00eda de este suntuoso pr\u00edncipe de la Iglesia. Tres monjas cuidar\u00e1n de \u00e9l, dedicadas a la cabeza, el tronco y las extremidades, respectivamente. Justo el relumbr\u00f3n que propugna [&hellip;]<\/p>\n","protected":false},"author":8,"featured_media":0,"comment_status":"open","ping_status":"open","sticky":false,"template":"","format":"standard","meta":[],"categories":[3,8,11],"tags":[467,1138,1223],"_links":{"self":[{"href":"https:\/\/blogs.elnortedecastilla.es\/robertocarbajal\/wp-json\/wp\/v2\/posts\/516"}],"collection":[{"href":"https:\/\/blogs.elnortedecastilla.es\/robertocarbajal\/wp-json\/wp\/v2\/posts"}],"about":[{"href":"https:\/\/blogs.elnortedecastilla.es\/robertocarbajal\/wp-json\/wp\/v2\/types\/post"}],"author":[{"embeddable":true,"href":"https:\/\/blogs.elnortedecastilla.es\/robertocarbajal\/wp-json\/wp\/v2\/users\/8"}],"replies":[{"embeddable":true,"href":"https:\/\/blogs.elnortedecastilla.es\/robertocarbajal\/wp-json\/wp\/v2\/comments?post=516"}],"version-history":[{"count":0,"href":"https:\/\/blogs.elnortedecastilla.es\/robertocarbajal\/wp-json\/wp\/v2\/posts\/516\/revisions"}],"wp:attachment":[{"href":"https:\/\/blogs.elnortedecastilla.es\/robertocarbajal\/wp-json\/wp\/v2\/media?parent=516"}],"wp:term":[{"taxonomy":"category","embeddable":true,"href":"https:\/\/blogs.elnortedecastilla.es\/robertocarbajal\/wp-json\/wp\/v2\/categories?post=516"},{"taxonomy":"post_tag","embeddable":true,"href":"https:\/\/blogs.elnortedecastilla.es\/robertocarbajal\/wp-json\/wp\/v2\/tags?post=516"}],"curies":[{"name":"wp","href":"https:\/\/api.w.org\/{rel}","templated":true}]}}