{"id":517,"date":"2014-05-01T08:07:13","date_gmt":"2014-05-01T07:07:13","guid":{"rendered":"http:\/\/blogs.elnortedecastilla.es\/robertocarbajal\/?p=517"},"modified":"2014-05-01T08:07:13","modified_gmt":"2014-05-01T07:07:13","slug":"judios-en-parquesol","status":"publish","type":"post","link":"https:\/\/blogs.elnortedecastilla.es\/robertocarbajal\/2014\/05\/01\/judios-en-parquesol\/","title":{"rendered":"&#039;Jud\u00edos&#039; en Parquesol"},"content":{"rendered":"<p>En la colina en donde se agolpan agujas de hormig\u00f3n, un grupo de vecinos quiere crear un huerto comunitario que no gusta en el ayuntamiento. Esta pr\u00e1ctica est\u00e1 regulada, como en los pa\u00edses comunistas, pero vestido de normas democr\u00e1ticas que lo legitiman todo, siendo la prohibici\u00f3n la primera de ellas. Como sucede en el resto del pa\u00eds, un grupo de vecinos quiere tener su propio huerto. Hay quien lo hace para entretenerse y otros para autoabastecerse, siguiendo aquella m\u00e1xima de Tolst\u00f3i de que un pueblo no puede ser libre si no se procura su sustento. Estas ense\u00f1anzas fueron aplicadas por los jud\u00edos rusos que se instalaron en Palestina en la segunda ola migratoria. Aplicando la filosof\u00eda de los koljoses sovi\u00e9ticos promovidos por Lenin, iniciaron esa actividad alumbrando los kibutz, sin cuya existencia no se entender\u00eda la viabilidad de Israel. Salvando las distancias, los jud\u00edos que dieron forma al Estado hebreo y a diferencia de estos, los intr\u00e9pidos vecinos de Parquesol quieren autoabastecerse de verduras y lo que produzca un pedazo de tierra sin edificar. Conf\u00edan en que ese microfundio aporte entretenimiento, alimentos y salpique de dignidad a quienes se les ha arrebatado lo anterior. Pero ya sabemos que los pol\u00edticos recelan de las iniciativas que no controlan, entre otras razones porque mientras se cava se piensa y tambi\u00e9n aflora la conciencia de pertenencia a algo que permaneci\u00f3 larvado.<\/p>\n<p>Los vecinos de Parquesol que quieren labrar la tierra tendr\u00e1n que pelear contra el alcalde y pasar por encima de su cad\u00e1ver, eso seguro; claro que desde el ayuntamiento se puede aplicar la ley y ser flexible al mismo tiempo, no vaya a ser que los despose\u00eddos de sus derechos aquilaten una conciencia colectiva que los convierta en el germen de una amenaza electoral. El movimiento vecinal est\u00e1 casi muerto, salvo excepciones como el Gamonal burgal\u00e9s, del que sacaron petr\u00f3leo y concienciaron de su fuerza al resto del pa\u00eds. Si Le\u00f3n de la Riva tiene la costumbre de mirar en el interior de la gente, esta es una buena ocasi\u00f3n.<\/p>\n<p><em>Publicado en El Norte de Castilla el 30 de abril de 2014<\/em><\/p>\n","protected":false},"excerpt":{"rendered":"<p>En la colina en donde se agolpan agujas de hormig\u00f3n, un grupo de vecinos quiere crear un huerto comunitario que no gusta en el ayuntamiento. Esta pr\u00e1ctica est\u00e1 regulada, como en los pa\u00edses comunistas, pero vestido de normas democr\u00e1ticas que lo legitiman todo, siendo la prohibici\u00f3n la primera de ellas. Como sucede en el resto [&hellip;]<\/p>\n","protected":false},"author":3,"featured_media":0,"comment_status":"open","ping_status":"open","sticky":false,"template":"","format":"standard","meta":[],"categories":[3,8,11],"tags":[687,925],"_links":{"self":[{"href":"https:\/\/blogs.elnortedecastilla.es\/robertocarbajal\/wp-json\/wp\/v2\/posts\/517"}],"collection":[{"href":"https:\/\/blogs.elnortedecastilla.es\/robertocarbajal\/wp-json\/wp\/v2\/posts"}],"about":[{"href":"https:\/\/blogs.elnortedecastilla.es\/robertocarbajal\/wp-json\/wp\/v2\/types\/post"}],"author":[{"embeddable":true,"href":"https:\/\/blogs.elnortedecastilla.es\/robertocarbajal\/wp-json\/wp\/v2\/users\/3"}],"replies":[{"embeddable":true,"href":"https:\/\/blogs.elnortedecastilla.es\/robertocarbajal\/wp-json\/wp\/v2\/comments?post=517"}],"version-history":[{"count":0,"href":"https:\/\/blogs.elnortedecastilla.es\/robertocarbajal\/wp-json\/wp\/v2\/posts\/517\/revisions"}],"wp:attachment":[{"href":"https:\/\/blogs.elnortedecastilla.es\/robertocarbajal\/wp-json\/wp\/v2\/media?parent=517"}],"wp:term":[{"taxonomy":"category","embeddable":true,"href":"https:\/\/blogs.elnortedecastilla.es\/robertocarbajal\/wp-json\/wp\/v2\/categories?post=517"},{"taxonomy":"post_tag","embeddable":true,"href":"https:\/\/blogs.elnortedecastilla.es\/robertocarbajal\/wp-json\/wp\/v2\/tags?post=517"}],"curies":[{"name":"wp","href":"https:\/\/api.w.org\/{rel}","templated":true}]}}