{"id":518,"date":"2014-05-08T08:07:59","date_gmt":"2014-05-08T07:07:59","guid":{"rendered":"http:\/\/blogs.elnortedecastilla.es\/robertocarbajal\/?p=518"},"modified":"2014-05-08T08:07:59","modified_gmt":"2014-05-08T07:07:59","slug":"el-clan-del-inservible","status":"publish","type":"post","link":"https:\/\/blogs.elnortedecastilla.es\/robertocarbajal\/2014\/05\/08\/el-clan-del-inservible\/","title":{"rendered":"El clan del inservible"},"content":{"rendered":"<p>Solo el 17% de los espa\u00f1oles conf\u00edan en el Gobierno para salir de la crisis. Lo f\u00edan todo a que la Uni\u00f3n Europea arregle nuestros costurones, seg\u00fan el Eurobar\u00f3metro. \u00a1Quia! No existe en Espa\u00f1a un solo sector social que no est\u00e9 en desacuerdo con Rajoy y su \u2018troupe\u2019. Salvo los bancos, los ricos y las el\u00e9ctricas, que gobiernan el mundo, todo quisque echa pestes sobre quienes se presentaron a las elecciones como los salvadores de la patria. Han pasado m\u00e1s de dos a\u00f1os y nadie se muestra contento. El gobierno popular ha disparado a todo lo que se mov\u00eda. Empresarios, inversores en renovables, emprendedores, trabajadores, usuarios y profesionales de la sanidad p\u00fablica y la ense\u00f1anza, dependientes, parados, el mundo de la cultura y el sinf\u00edn de los estratos que conforman nuestro pa\u00eds. Hasta la Iglesia cat\u00f3lica ha sido atacada por el sin par Montoro, que ya es ir demasiado lejos para algunos. Anteayer mismo le toc\u00f3 al sector de la televisi\u00f3n. Se apagaron seis canales por no saber gestionar un asunto que requer\u00eda un poco de voluntad pol\u00edtica. La met\u00e1fora de La Sexta 3 concluyendo su programaci\u00f3n con el derrumbe de la fachada del cine en \u2018Cinema Paradiso\u2019 constituy\u00f3 una triste met\u00e1fora de la desaparici\u00f3n de un canal dedicado al s\u00e9ptimo arte.<\/p>\n<p>Basta con sobrevolar cada ministerio para hacerse cargo de que Mariano Rajoy ya estaba acabado antes de comenzar a gobernar. Quienes han hecho de la inseguridad jur\u00eddica su bandera, arruinan a las empresas y usuarios con una torpe gesti\u00f3n de la energ\u00eda, abandonan a los ciudadanos a su suerte o han perdido el norte no pueden seguir otro a\u00f1o y medio de tropel\u00edas. La ciudadan\u00eda est\u00e1 harta de las mentiras y la chuler\u00eda de este grupo de insensatos. Que el porcentaje de espa\u00f1oles al que alud\u00ed al principio conf\u00eden m\u00e1s en la bicha europea que en la supuesta cercan\u00eda y sensibilidad de Rajoy y su clan es una declaraci\u00f3n que no debe dejar calmo a nadie. Estamos saliendo de la crisis, se hartan de repetir. \u00bfCrisis? \u00bfQu\u00e9 crisis? Espa\u00f1a es una ruina. Llamemos a las cosas por su nombre.<\/p>\n<p><em>Publicado en El Norte de Castilla el 7 de mayo de 2014<\/em><\/p>\n","protected":false},"excerpt":{"rendered":"<p>Solo el 17% de los espa\u00f1oles conf\u00edan en el Gobierno para salir de la crisis. Lo f\u00edan todo a que la Uni\u00f3n Europea arregle nuestros costurones, seg\u00fan el Eurobar\u00f3metro. \u00a1Quia! No existe en Espa\u00f1a un solo sector social que no est\u00e9 en desacuerdo con Rajoy y su \u2018troupe\u2019. Salvo los bancos, los ricos y las [&hellip;]<\/p>\n","protected":false},"author":3,"featured_media":0,"comment_status":"open","ping_status":"open","sticky":false,"template":"","format":"standard","meta":[],"categories":[3,8],"tags":[],"_links":{"self":[{"href":"https:\/\/blogs.elnortedecastilla.es\/robertocarbajal\/wp-json\/wp\/v2\/posts\/518"}],"collection":[{"href":"https:\/\/blogs.elnortedecastilla.es\/robertocarbajal\/wp-json\/wp\/v2\/posts"}],"about":[{"href":"https:\/\/blogs.elnortedecastilla.es\/robertocarbajal\/wp-json\/wp\/v2\/types\/post"}],"author":[{"embeddable":true,"href":"https:\/\/blogs.elnortedecastilla.es\/robertocarbajal\/wp-json\/wp\/v2\/users\/3"}],"replies":[{"embeddable":true,"href":"https:\/\/blogs.elnortedecastilla.es\/robertocarbajal\/wp-json\/wp\/v2\/comments?post=518"}],"version-history":[{"count":0,"href":"https:\/\/blogs.elnortedecastilla.es\/robertocarbajal\/wp-json\/wp\/v2\/posts\/518\/revisions"}],"wp:attachment":[{"href":"https:\/\/blogs.elnortedecastilla.es\/robertocarbajal\/wp-json\/wp\/v2\/media?parent=518"}],"wp:term":[{"taxonomy":"category","embeddable":true,"href":"https:\/\/blogs.elnortedecastilla.es\/robertocarbajal\/wp-json\/wp\/v2\/categories?post=518"},{"taxonomy":"post_tag","embeddable":true,"href":"https:\/\/blogs.elnortedecastilla.es\/robertocarbajal\/wp-json\/wp\/v2\/tags?post=518"}],"curies":[{"name":"wp","href":"https:\/\/api.w.org\/{rel}","templated":true}]}}