{"id":521,"date":"2014-05-15T08:07:16","date_gmt":"2014-05-15T07:07:16","guid":{"rendered":"http:\/\/blogs.elnortedecastilla.es\/robertocarbajal\/?p=521"},"modified":"2014-05-15T08:07:16","modified_gmt":"2014-05-15T07:07:16","slug":"pp-psoe-pp","status":"publish","type":"post","link":"https:\/\/blogs.elnortedecastilla.es\/robertocarbajal\/2014\/05\/15\/pp-psoe-pp\/","title":{"rendered":"PP + PSOE = PP"},"content":{"rendered":"<p>Era lo que le faltaba a \u2018ll\u00e1mame Alfredo\u2019: una posible coalici\u00f3n de los dos grandes partidos estatales. Parece que alguien est\u00e1 moviendo sus piezas para facilitar la estabilidad frente a la segura fragmentaci\u00f3n parlamentaria que se prev\u00e9 para 2015. Incluso hay quien va m\u00e1s all\u00e1 y baraja la posibilidad de que Mariano Rajoy aplique sus prerrogativas constitucionales y estire la convocatoria de elecciones hasta enero de 2016, benefici\u00e1ndose de una supuesta mejora econ\u00f3mica. Ambos supuestos son chocantes por la falta de costumbre democr\u00e1tica, pero cosas veredes, amigo Sancho. Los defensores de la coalici\u00f3n defienden que en Alemania se ha venido haciendo sin sobresaltos. De hecho, actualmente Merkel gobierna con los socialdem\u00f3cratas y anta\u00f1o Willy Brandt, el correligionario teut\u00f3n de Rubalcaba, hizo lo conveniente para el pa\u00eds. Nada es descartable, habida cuenta de que ahora importamos los usos alemanes en otras materias.<\/p>\n<p>El dinero es miedoso por naturaleza. All\u00e1 donde la estabilidad institucional brilla por su ausencia, los inversores huyen como alma que lleva el diablo, de ah\u00ed que el gran capital mire con buenos ojos la alianza pol\u00edtica. Lo apunt\u00f3 Felipe Gonz\u00e1lez el domingo y Alfredo contradijo al expresidente al d\u00eda siguiente, asegurando que mientras \u00e9l siga al frente del PSOE no hay coalici\u00f3n que valga. Dijo que sobre todo por el inter\u00e9s de Espa\u00f1a y por el del partido socialista en segundo lugar, pero m\u00e1s bien los \u00faltimos ser\u00e1n los primeros. Todo el mundo sabe que esa trampa supondr\u00eda el derrumbe del partido y el ascenso de la otra izquierda. Y, en el otro lado de la mesa, nos encontrar\u00edamos con un PP fortalecido a pesar de los pesares. Podr\u00eda darse la circunstancia de que los conservadores, favorecidos por una posible recuperaci\u00f3n econ\u00f3mica, se granjearan la interesada simpat\u00eda ciudadana y gobernase en Espa\u00f1a cien a\u00f1os, casi como el PRI mexicano. Que el PSOE necesita una sacudida es un hecho. Una bofetada dada a tiempo puede resultar m\u00e1s \u00fatil que una siesta con abanico. Porque unir no siempre suma.<\/p>\n<p><em>Publicado en El Norte de Castilla el 14 de mayo de 2014<\/em><\/p>\n","protected":false},"excerpt":{"rendered":"<p>Era lo que le faltaba a \u2018ll\u00e1mame Alfredo\u2019: una posible coalici\u00f3n de los dos grandes partidos estatales. Parece que alguien est\u00e1 moviendo sus piezas para facilitar la estabilidad frente a la segura fragmentaci\u00f3n parlamentaria que se prev\u00e9 para 2015. Incluso hay quien va m\u00e1s all\u00e1 y baraja la posibilidad de que Mariano Rajoy aplique sus [&hellip;]<\/p>\n","protected":false},"author":3,"featured_media":0,"comment_status":"open","ping_status":"open","sticky":false,"template":"","format":"standard","meta":[],"categories":[3,8],"tags":[],"_links":{"self":[{"href":"https:\/\/blogs.elnortedecastilla.es\/robertocarbajal\/wp-json\/wp\/v2\/posts\/521"}],"collection":[{"href":"https:\/\/blogs.elnortedecastilla.es\/robertocarbajal\/wp-json\/wp\/v2\/posts"}],"about":[{"href":"https:\/\/blogs.elnortedecastilla.es\/robertocarbajal\/wp-json\/wp\/v2\/types\/post"}],"author":[{"embeddable":true,"href":"https:\/\/blogs.elnortedecastilla.es\/robertocarbajal\/wp-json\/wp\/v2\/users\/3"}],"replies":[{"embeddable":true,"href":"https:\/\/blogs.elnortedecastilla.es\/robertocarbajal\/wp-json\/wp\/v2\/comments?post=521"}],"version-history":[{"count":0,"href":"https:\/\/blogs.elnortedecastilla.es\/robertocarbajal\/wp-json\/wp\/v2\/posts\/521\/revisions"}],"wp:attachment":[{"href":"https:\/\/blogs.elnortedecastilla.es\/robertocarbajal\/wp-json\/wp\/v2\/media?parent=521"}],"wp:term":[{"taxonomy":"category","embeddable":true,"href":"https:\/\/blogs.elnortedecastilla.es\/robertocarbajal\/wp-json\/wp\/v2\/categories?post=521"},{"taxonomy":"post_tag","embeddable":true,"href":"https:\/\/blogs.elnortedecastilla.es\/robertocarbajal\/wp-json\/wp\/v2\/tags?post=521"}],"curies":[{"name":"wp","href":"https:\/\/api.w.org\/{rel}","templated":true}]}}