{"id":522,"date":"2014-05-22T08:07:26","date_gmt":"2014-05-22T07:07:26","guid":{"rendered":"http:\/\/blogs.elnortedecastilla.es\/robertocarbajal\/?p=522"},"modified":"2014-05-22T08:07:26","modified_gmt":"2014-05-22T07:07:26","slug":"ninos-espanoles-hambre","status":"publish","type":"post","link":"https:\/\/blogs.elnortedecastilla.es\/robertocarbajal\/2014\/05\/22\/ninos-espanoles-hambre\/","title":{"rendered":"Ni\u00f1os, espa\u00f1oles, hambre"},"content":{"rendered":"<p>Mientras la opini\u00f3n p\u00fablica se perturbaba con la est\u00fapida superioridad intelectual de Arias Ca\u00f1ete, la oeneg\u00e9 Educo alertaba de que medio mill\u00f3n de ni\u00f1os espa\u00f1oles se quedar\u00e1n sin comer durante el verano. La organizaci\u00f3n irrump\u00eda con la tragedia que se avecina durante el cierre estival de los comedores escolares. Los datos provienen de organismos gubernamentales, as\u00ed que no est\u00e1n bajo sospecha, dada la fuente que los ha procesado y su adscripci\u00f3n actual. Educo ahondaba en que, adem\u00e1s, doscientos mil peque\u00f1os no ingieren carne o pescado cada dos d\u00edas y han colgado un v\u00eddeo que recrea la realidad a la que est\u00e1n abocados estos chiquillos y sus familias. Este tipo de asuntos suelen publicarse en la secci\u00f3n de breves en los medios de comunicaci\u00f3n, salvo excepciones. Son noticias que, como constituyen un esc\u00e1ndalo en una sociedad supuestamente desarrollada, constri\u00f1en el est\u00f3mago y las columnas de los diarios. Nadie quiere verse retratado en la desgracia y hay quienes reh\u00fayen estas cifras tan vergonzantes. Pareciera que los a\u00f1os de la posguerra y sus cartillas de racionamiento formaban parte de un mal sue\u00f1o del pasado. Por el contrario, la realidad es que una masa hambrienta de la algarab\u00eda que ambienta las ciudades durante el recreo chilla porque no tiene qu\u00e9 llevarse a la boca. Las vacaciones de verano, tan anheladas por la mayor\u00eda de los alumnos espa\u00f1oles, se tornan en un calvario para otros, que temen meses de penalidades. Mientras, el Estado, que tiene la obligaci\u00f3n de velar por que sus administrados mantengan los est\u00f3magos llenos y el cuerpo a cubierto, mira hacia otro lado. La pretendida elocuencia de los discursos, el supuesto paraguas institucional y las grandes cifras resultan esquivas para quienes no tienen siquiera un plato de comida sobre la mesa. Por eso chirr\u00edan a\u00fan m\u00e1s la omnipresencia del barrig\u00f3n de Ca\u00f1ete, su cerebro excelso y los alardes mitineros de los grandes partidos. \u00bfEuropa? La mierda pa\u2019tu boca, como o\u00ed decir a alguien hace tiempo. Se admiten donaciones en el sitio www.educo.org.  <\/p>\n<p><em>Publicado en El Norte de Castilla el 21 de mayo de 2014<\/em><\/p>\n","protected":false},"excerpt":{"rendered":"<p>Mientras la opini\u00f3n p\u00fablica se perturbaba con la est\u00fapida superioridad intelectual de Arias Ca\u00f1ete, la oeneg\u00e9 Educo alertaba de que medio mill\u00f3n de ni\u00f1os espa\u00f1oles se quedar\u00e1n sin comer durante el verano. La organizaci\u00f3n irrump\u00eda con la tragedia que se avecina durante el cierre estival de los comedores escolares. Los datos provienen de organismos gubernamentales, [&hellip;]<\/p>\n","protected":false},"author":3,"featured_media":0,"comment_status":"open","ping_status":"open","sticky":false,"template":"","format":"standard","meta":[],"categories":[3,8],"tags":[1249],"_links":{"self":[{"href":"https:\/\/blogs.elnortedecastilla.es\/robertocarbajal\/wp-json\/wp\/v2\/posts\/522"}],"collection":[{"href":"https:\/\/blogs.elnortedecastilla.es\/robertocarbajal\/wp-json\/wp\/v2\/posts"}],"about":[{"href":"https:\/\/blogs.elnortedecastilla.es\/robertocarbajal\/wp-json\/wp\/v2\/types\/post"}],"author":[{"embeddable":true,"href":"https:\/\/blogs.elnortedecastilla.es\/robertocarbajal\/wp-json\/wp\/v2\/users\/3"}],"replies":[{"embeddable":true,"href":"https:\/\/blogs.elnortedecastilla.es\/robertocarbajal\/wp-json\/wp\/v2\/comments?post=522"}],"version-history":[{"count":0,"href":"https:\/\/blogs.elnortedecastilla.es\/robertocarbajal\/wp-json\/wp\/v2\/posts\/522\/revisions"}],"wp:attachment":[{"href":"https:\/\/blogs.elnortedecastilla.es\/robertocarbajal\/wp-json\/wp\/v2\/media?parent=522"}],"wp:term":[{"taxonomy":"category","embeddable":true,"href":"https:\/\/blogs.elnortedecastilla.es\/robertocarbajal\/wp-json\/wp\/v2\/categories?post=522"},{"taxonomy":"post_tag","embeddable":true,"href":"https:\/\/blogs.elnortedecastilla.es\/robertocarbajal\/wp-json\/wp\/v2\/tags?post=522"}],"curies":[{"name":"wp","href":"https:\/\/api.w.org\/{rel}","templated":true}]}}