{"id":529,"date":"2014-05-29T08:08:22","date_gmt":"2014-05-29T07:08:22","guid":{"rendered":"http:\/\/blogs.elnortedecastilla.es\/robertocarbajal\/?p=529"},"modified":"2014-05-29T08:08:22","modified_gmt":"2014-05-29T07:08:22","slug":"curas-sexo-y-viceversa-2","status":"publish","type":"post","link":"https:\/\/blogs.elnortedecastilla.es\/robertocarbajal\/2014\/05\/29\/curas-sexo-y-viceversa-2\/","title":{"rendered":"Curas, sexo y viceversa"},"content":{"rendered":"<p>El papa Francisco, un exportero de discoteca que no gusta a los arist\u00f3cratas de la Iglesia cat\u00f3lica, contempla abrir la puerta de las alcobas para dar cobijo a las necesidades humanas de los ministros de Dios. No es dogma de fe que un sacerdote deba guardar el celibato, as\u00ed que el debate sobre si el cura de la parroquia de al lado debe tener la oportunidad de desarrollarse como una persona normal ya est\u00e1 en marcha. No tiene ning\u00fan sentido que a un hombre de carne y hueso se le conceda el disfrute del hueso y se le prive de la carne. El mero hecho de cercenarle la vertiente sexual a cualquiera acarrea una serie de desarreglos indeseables, que, en el caso del sacerdocio, ha convertido a la Iglesia en el foco de todos los esc\u00e1ndalos. El proceso ser\u00e1 largo, pero el debate ya est\u00e1 en marcha. Cuando la jerarqu\u00eda cat\u00f3lica decidi\u00f3 que las mujeres eran fruta prohibida para sus confesores, a los hombres dedicados a propagar la palabra de Dios se les coloc\u00f3 contra natura tras un muro casi infranqueable. El caso de las mujeres merece un cap\u00edtulo aparte, dado que contiene muchas m\u00e1s aristas y a nadie se le escapa su voluntariedad de renunciar a lo mundano y dedicar su vida a la contemplaci\u00f3n. Igualmente, en otro apartado cabe ubicar a la mujer en su derecho al sacerdocio, cuyo desempe\u00f1o s\u00ed es posible en la Iglesia anglicana.<\/p>\n<p>Chi va piano, va sano e va lontano. Es decir, quien va despacio llega seguro y lejos, as\u00ed que dejemos que Jorge Bergoglio inicie su incipiente revoluci\u00f3n, por la salud del sacerdocio y la despreocupaci\u00f3n de los Peque\u00f1os Cantores de Pajarillos, si es que existen. Tampoco pidamos al Papa que permita pronto los matrimonios homosexuales entre sacerdotes, porque podr\u00edamos perder la mano de tanto pedir. Son s\u00f3lo reflexiones, dado que ha sido el Santo Padre quien ha abierto el mel\u00f3n, no yo. La ortodoxia m\u00e1s reaccionaria criticar\u00e1 al heredero del trono de san Pedro con discursos hip\u00f3critas sobre un asunto que tantas vidas ha truncado. Preguntemos si no a hu\u00e9rfanos, estudiantes, monaguillos y novicios.<\/p>\n<p><em>Publicado en El Norte de Castilla el 28 de mayo de 2014<\/em><\/p>\n","protected":false},"excerpt":{"rendered":"<p>El papa Francisco, un exportero de discoteca que no gusta a los arist\u00f3cratas de la Iglesia cat\u00f3lica, contempla abrir la puerta de las alcobas para dar cobijo a las necesidades humanas de los ministros de Dios. No es dogma de fe que un sacerdote deba guardar el celibato, as\u00ed que el debate sobre si el [&hellip;]<\/p>\n","protected":false},"author":8,"featured_media":0,"comment_status":"open","ping_status":"open","sticky":false,"template":"","format":"standard","meta":[],"categories":[3],"tags":[220,644],"_links":{"self":[{"href":"https:\/\/blogs.elnortedecastilla.es\/robertocarbajal\/wp-json\/wp\/v2\/posts\/529"}],"collection":[{"href":"https:\/\/blogs.elnortedecastilla.es\/robertocarbajal\/wp-json\/wp\/v2\/posts"}],"about":[{"href":"https:\/\/blogs.elnortedecastilla.es\/robertocarbajal\/wp-json\/wp\/v2\/types\/post"}],"author":[{"embeddable":true,"href":"https:\/\/blogs.elnortedecastilla.es\/robertocarbajal\/wp-json\/wp\/v2\/users\/8"}],"replies":[{"embeddable":true,"href":"https:\/\/blogs.elnortedecastilla.es\/robertocarbajal\/wp-json\/wp\/v2\/comments?post=529"}],"version-history":[{"count":0,"href":"https:\/\/blogs.elnortedecastilla.es\/robertocarbajal\/wp-json\/wp\/v2\/posts\/529\/revisions"}],"wp:attachment":[{"href":"https:\/\/blogs.elnortedecastilla.es\/robertocarbajal\/wp-json\/wp\/v2\/media?parent=529"}],"wp:term":[{"taxonomy":"category","embeddable":true,"href":"https:\/\/blogs.elnortedecastilla.es\/robertocarbajal\/wp-json\/wp\/v2\/categories?post=529"},{"taxonomy":"post_tag","embeddable":true,"href":"https:\/\/blogs.elnortedecastilla.es\/robertocarbajal\/wp-json\/wp\/v2\/tags?post=529"}],"curies":[{"name":"wp","href":"https:\/\/api.w.org\/{rel}","templated":true}]}}