{"id":531,"date":"2014-06-05T08:07:13","date_gmt":"2014-06-05T07:07:13","guid":{"rendered":"http:\/\/blogs.elnortedecastilla.es\/robertocarbajal\/?p=531"},"modified":"2014-06-05T08:07:13","modified_gmt":"2014-06-05T07:07:13","slug":"monarquia-federal","status":"publish","type":"post","link":"https:\/\/blogs.elnortedecastilla.es\/robertocarbajal\/2014\/06\/05\/monarquia-federal\/","title":{"rendered":"Monarqu\u00eda federal"},"content":{"rendered":"<p>Espa\u00f1a es un pa\u00eds creativo, vibrante y visceral. Ahora que afrontamos la hist\u00f3rica abdicaci\u00f3n del Rey, la terrible crisis econ\u00f3mica y buscamos disolver el desaf\u00edo nacionalista, debemos aplicar las dos primeras cualidades. Con el mel\u00f3n de la sucesi\u00f3n en la Jefatura del Estado, una legi\u00f3n vehemente se ha lanzado en tromba reclamando un refer\u00e9ndum para que los espa\u00f1oles decidamos si queremos continuar con el vigente sistema pol\u00edtico o implantar de nuevo la rep\u00fablica. Por muy respetables que sean ambos extremos, no debemos caer en el debate sobre la legitimidad de un sistema frente al otro. La monarqu\u00eda ha brindado un extraordinario rendimiento al conjunto de Espa\u00f1a y, a pesar de los lamentables acontecimientos de los \u00faltimos a\u00f1os, el oficio de Don Juan Carlos durante casi cuatro d\u00e9cadas ha cosechado m\u00e1s luces que sombras. La monarqu\u00eda en s\u00ed misma es un r\u00e9gimen ba\u00f1ado de ilegitimidad, si lo circunscribimos a la forma en que se ha aplicado a lo largo de los siglos, en los que ha predominado la tiran\u00eda frente a los derechos ciudadanos. Por fortuna, las carambolas de la Historia han devenido en reinados asumidos con inteligencia en las sociedades modernas. En nuestro caso, la Casa Real se ha convertido en la mejor oficina de relaciones p\u00fablicas que nadie haya so\u00f1ado para abrir a este viejo pa\u00eds al exterior. Mientras la pol\u00edtica es proclive a dar tumbos por la impericia y la soberbia, Juan Carlos y Sof\u00eda se erigieron en la cara institucional solvente y seria. El Rey ha paseado la imagen de Espa\u00f1a como una marca de prestigio, abriendo puertas en donde la pol\u00edtica se mostraba incapaz.<\/p>\n<p>No soy mon\u00e1rquico, pero s\u00ed pragm\u00e1tico, as\u00ed que defiendo con serenidad la continuidad del sistema. No obstante, y regresando a los desaf\u00edos secesionistas, se deben atender las demandas ciudadanas. Hoy no toca implantar la rep\u00fablica en Espa\u00f1a. Apelando a la creatividad a la que me refer\u00eda, plante\u00e9monos interpretar la Constituci\u00f3n, enriquecerla y dirigirnos hacia una monarqu\u00eda federal. Sin duda, comienza la segunda transici\u00f3n espa\u00f1ola.<\/p>\n<p><em>Publicado en El Norte de Castilla el 4 de junio de 2014<\/em><\/p>\n","protected":false},"excerpt":{"rendered":"<p>Espa\u00f1a es un pa\u00eds creativo, vibrante y visceral. Ahora que afrontamos la hist\u00f3rica abdicaci\u00f3n del Rey, la terrible crisis econ\u00f3mica y buscamos disolver el desaf\u00edo nacionalista, debemos aplicar las dos primeras cualidades. Con el mel\u00f3n de la sucesi\u00f3n en la Jefatura del Estado, una legi\u00f3n vehemente se ha lanzado en tromba reclamando un refer\u00e9ndum para [&hellip;]<\/p>\n","protected":false},"author":8,"featured_media":0,"comment_status":"open","ping_status":"open","sticky":false,"template":"","format":"standard","meta":[],"categories":[3],"tags":[355],"_links":{"self":[{"href":"https:\/\/blogs.elnortedecastilla.es\/robertocarbajal\/wp-json\/wp\/v2\/posts\/531"}],"collection":[{"href":"https:\/\/blogs.elnortedecastilla.es\/robertocarbajal\/wp-json\/wp\/v2\/posts"}],"about":[{"href":"https:\/\/blogs.elnortedecastilla.es\/robertocarbajal\/wp-json\/wp\/v2\/types\/post"}],"author":[{"embeddable":true,"href":"https:\/\/blogs.elnortedecastilla.es\/robertocarbajal\/wp-json\/wp\/v2\/users\/8"}],"replies":[{"embeddable":true,"href":"https:\/\/blogs.elnortedecastilla.es\/robertocarbajal\/wp-json\/wp\/v2\/comments?post=531"}],"version-history":[{"count":0,"href":"https:\/\/blogs.elnortedecastilla.es\/robertocarbajal\/wp-json\/wp\/v2\/posts\/531\/revisions"}],"wp:attachment":[{"href":"https:\/\/blogs.elnortedecastilla.es\/robertocarbajal\/wp-json\/wp\/v2\/media?parent=531"}],"wp:term":[{"taxonomy":"category","embeddable":true,"href":"https:\/\/blogs.elnortedecastilla.es\/robertocarbajal\/wp-json\/wp\/v2\/categories?post=531"},{"taxonomy":"post_tag","embeddable":true,"href":"https:\/\/blogs.elnortedecastilla.es\/robertocarbajal\/wp-json\/wp\/v2\/tags?post=531"}],"curies":[{"name":"wp","href":"https:\/\/api.w.org\/{rel}","templated":true}]}}