{"id":532,"date":"2014-06-11T20:14:42","date_gmt":"2014-06-11T19:14:42","guid":{"rendered":"http:\/\/blogs.elnortedecastilla.es\/robertocarbajal\/?p=532"},"modified":"2014-06-11T20:14:42","modified_gmt":"2014-06-11T19:14:42","slug":"fallece-el-director-de-orquesta-espanol-rafael-fruhbeck-de-burgos","status":"publish","type":"post","link":"https:\/\/blogs.elnortedecastilla.es\/robertocarbajal\/2014\/06\/11\/fallece-el-director-de-orquesta-espanol-rafael-fruhbeck-de-burgos\/","title":{"rendered":"Fallece el director de orquesta espa\u00f1ol Rafael Fr\u00fchbeck de Burgos"},"content":{"rendered":"<p>Rafael Fr\u00fchbeck de Burgos nos ha dejado, v\u00edctima de un c\u00e1ncer. Hace unos a\u00f1os concedi\u00f3 una entrevista a un canal universitario californiano. La periodista le pregunt\u00f3 sobre su nombre. &#8220;Mire&#8230; Me dijeron \u00bfc\u00f3mo vas a presentarte como director espa\u00f1ol con ese nombre y apellidos [Fr\u00fchbeck Fr\u00fchbeck], as\u00ed que, como nac\u00ed en Burgos, dije que me anunciasen como Rafael Fr\u00fchbeck de Burgos&#8221;. Preguntado sobre c\u00f3mo fueron sus inicios como director, contest\u00f3: &#8220;Como universitario, ten\u00eda dos opciones: una, hacer la milicia en Monte La Reina [Zamora], y, la otra, presentarme a las oposiciones a director de la banda militar. Opt\u00e9 por la segunda opci\u00f3n, y as\u00ed fue todo&#8221;.<\/p>\n<p>Si alguien desea conocer cu\u00e1n excelso fue como director, no hay nada tan sencillo como disfrutar de unos cuantos v\u00eddeos en la Red. Les recomiendo las versiones que el maestro realiz\u00f3 del &#8216;Concierto de Aranjuez&#8217;, de Joaqu\u00edn Rodrigo. Todas son extraordinarias y algunas m\u00e1s afortunadas que otras, dependiendo de qui\u00e9n est\u00e9 a la guitarra. Las m\u00e1s recientes corren a cargo de Pepe Romero, aunque el guitarrista no estuviese demasiado acertado; mejor busquen a Narciso Yepes; es m\u00e1s antigua, pero el artista lo ejecuta con la precisi\u00f3n de un cirujano.<\/p>\n<p>D.E.P. Rafael Fr\u00fchbeck de Burgos.<\/p>\n<p><iframe loading=\"lazy\" width=\"500\" height=\"281\" src=\"https:\/\/www.youtube.com\/embed\/ye-FvKCZp3s?feature=oembed\" frameborder=\"0\" allowfullscreen><\/iframe><\/p>\n<p><iframe loading=\"lazy\" width=\"500\" height=\"375\" src=\"https:\/\/www.youtube.com\/embed\/RxwceLlaODM?feature=oembed\" frameborder=\"0\" allowfullscreen><\/iframe><\/p>\n","protected":false},"excerpt":{"rendered":"<p>Rafael Fr\u00fchbeck de Burgos nos ha dejado, v\u00edctima de un c\u00e1ncer. Hace unos a\u00f1os concedi\u00f3 una entrevista a un canal universitario californiano. La periodista le pregunt\u00f3 sobre su nombre. &#8220;Mire&#8230; Me dijeron \u00bfc\u00f3mo vas a presentarte como director espa\u00f1ol con ese nombre y apellidos [Fr\u00fchbeck Fr\u00fchbeck], as\u00ed que, como nac\u00ed en Burgos, dije que me [&hellip;]<\/p>\n","protected":false},"author":8,"featured_media":0,"comment_status":"open","ping_status":"open","sticky":false,"template":"","format":"standard","meta":[],"categories":[3,10],"tags":[],"_links":{"self":[{"href":"https:\/\/blogs.elnortedecastilla.es\/robertocarbajal\/wp-json\/wp\/v2\/posts\/532"}],"collection":[{"href":"https:\/\/blogs.elnortedecastilla.es\/robertocarbajal\/wp-json\/wp\/v2\/posts"}],"about":[{"href":"https:\/\/blogs.elnortedecastilla.es\/robertocarbajal\/wp-json\/wp\/v2\/types\/post"}],"author":[{"embeddable":true,"href":"https:\/\/blogs.elnortedecastilla.es\/robertocarbajal\/wp-json\/wp\/v2\/users\/8"}],"replies":[{"embeddable":true,"href":"https:\/\/blogs.elnortedecastilla.es\/robertocarbajal\/wp-json\/wp\/v2\/comments?post=532"}],"version-history":[{"count":0,"href":"https:\/\/blogs.elnortedecastilla.es\/robertocarbajal\/wp-json\/wp\/v2\/posts\/532\/revisions"}],"wp:attachment":[{"href":"https:\/\/blogs.elnortedecastilla.es\/robertocarbajal\/wp-json\/wp\/v2\/media?parent=532"}],"wp:term":[{"taxonomy":"category","embeddable":true,"href":"https:\/\/blogs.elnortedecastilla.es\/robertocarbajal\/wp-json\/wp\/v2\/categories?post=532"},{"taxonomy":"post_tag","embeddable":true,"href":"https:\/\/blogs.elnortedecastilla.es\/robertocarbajal\/wp-json\/wp\/v2\/tags?post=532"}],"curies":[{"name":"wp","href":"https:\/\/api.w.org\/{rel}","templated":true}]}}