{"id":536,"date":"2014-06-26T08:07:07","date_gmt":"2014-06-26T07:07:07","guid":{"rendered":"http:\/\/blogs.elnortedecastilla.es\/robertocarbajal\/?p=536"},"modified":"2014-06-26T08:07:07","modified_gmt":"2014-06-26T07:07:07","slug":"un-pais-muy-cabron","status":"publish","type":"post","link":"https:\/\/blogs.elnortedecastilla.es\/robertocarbajal\/2014\/06\/26\/un-pais-muy-cabron\/","title":{"rendered":"Un pa\u00eds muy cabr\u00f3n"},"content":{"rendered":"<p>Los espa\u00f1oles pierden la memoria con demasiada facilidad. Mientras la crisis encog\u00eda sus corazones, la selecci\u00f3n nacional de f\u00fatbol comenz\u00f3 a aplicarles un tratamiento paliativo. Aquel exitoso grupo de jugadores se convirtieron en la unidad del dolor de nuestro viejo hospital, montando un asombroso circo para hacernos olvidar la falta de pan. \u2018La Roja\u2019 se erigi\u00f3 como N\u00e9mesis frente a la injusticia y la humillaci\u00f3n de todo un pa\u00eds, arrodillado a causa del latrocinio, la mala praxis y las imposiciones extranjeras. Este grupo de hombres j\u00f3venes asombr\u00f3 al mundo con su juego, pleno de belleza y eficacia. Eurocopa, mundial y de nuevo otra eurocopa auparon a Espa\u00f1a como el equipo que habr\u00eda obtenido la mayor gesta de la historia del balompi\u00e9. Idolatrada como ninguna otra, la selecci\u00f3n logr\u00f3 unir sentimientos encontrados durante los d\u00edas de gloria, convirtiendo los sue\u00f1os en realidad. Pero la gente se acostumbra mal a los triunfos, son como ni\u00f1os mal criados, y ahora los mismos a quienes se coloc\u00f3 en un pedestal, son corridos a gorrazos desde la barra de un bar, las redes sociales o en las tertulias televisivas m\u00e1s furibundas.<\/p>\n<p>Y qu\u00e9 decir del pobre Vicente del Bosque: de genio, ha mutado en villano y viejo carcamal. A todo el mundo se le ha llenado la boca de conocimiento, pidiendo una revoluci\u00f3n total en la selecci\u00f3n. Resulta que los mismos treinta\u00f1eros que tanto orgullo infundieron, se tornan en reyes ca\u00eddos en desgracia a quienes se exige la abdicaci\u00f3n. En honor a la verdad, se puede reconocer que \u2018la Roja\u2019 fue abatida por no ser fiel a su estilo. La codicia quiso que todo el equipo jugase para el hispanobrasile\u00f1o Diego Costa, resultando un fiasco colosal. S\u00ed, Del Bosque se equivoc\u00f3 y los jugadores se arrastraron por el campo como pollo sin cabeza, pero este campeonato nunca eclipsar\u00e1 los \u00e9xitos que Espa\u00f1a cosech\u00f3 en los estadios y en nuestra memoria. Por tanto, es de aplicaci\u00f3n aqu\u00ed, aunque en otro contexto, la sentencia de Quevedo en El Busc\u00f3n: \u201cDaba paz cada noche a un cabr\u00f3n en el ojo que no tiene ni\u00f1a\u201d. <\/p>\n<p><em>Publicado en El Norte de Castilla el 25 de junio de 2014<\/em><\/p>\n","protected":false},"excerpt":{"rendered":"<p>Los espa\u00f1oles pierden la memoria con demasiada facilidad. Mientras la crisis encog\u00eda sus corazones, la selecci\u00f3n nacional de f\u00fatbol comenz\u00f3 a aplicarles un tratamiento paliativo. Aquel exitoso grupo de jugadores se convirtieron en la unidad del dolor de nuestro viejo hospital, montando un asombroso circo para hacernos olvidar la falta de pan. \u2018La Roja\u2019 se [&hellip;]<\/p>\n","protected":false},"author":8,"featured_media":0,"comment_status":"open","ping_status":"open","sticky":false,"template":"","format":"standard","meta":[],"categories":[3],"tags":[373,700,998,1228],"_links":{"self":[{"href":"https:\/\/blogs.elnortedecastilla.es\/robertocarbajal\/wp-json\/wp\/v2\/posts\/536"}],"collection":[{"href":"https:\/\/blogs.elnortedecastilla.es\/robertocarbajal\/wp-json\/wp\/v2\/posts"}],"about":[{"href":"https:\/\/blogs.elnortedecastilla.es\/robertocarbajal\/wp-json\/wp\/v2\/types\/post"}],"author":[{"embeddable":true,"href":"https:\/\/blogs.elnortedecastilla.es\/robertocarbajal\/wp-json\/wp\/v2\/users\/8"}],"replies":[{"embeddable":true,"href":"https:\/\/blogs.elnortedecastilla.es\/robertocarbajal\/wp-json\/wp\/v2\/comments?post=536"}],"version-history":[{"count":0,"href":"https:\/\/blogs.elnortedecastilla.es\/robertocarbajal\/wp-json\/wp\/v2\/posts\/536\/revisions"}],"wp:attachment":[{"href":"https:\/\/blogs.elnortedecastilla.es\/robertocarbajal\/wp-json\/wp\/v2\/media?parent=536"}],"wp:term":[{"taxonomy":"category","embeddable":true,"href":"https:\/\/blogs.elnortedecastilla.es\/robertocarbajal\/wp-json\/wp\/v2\/categories?post=536"},{"taxonomy":"post_tag","embeddable":true,"href":"https:\/\/blogs.elnortedecastilla.es\/robertocarbajal\/wp-json\/wp\/v2\/tags?post=536"}],"curies":[{"name":"wp","href":"https:\/\/api.w.org\/{rel}","templated":true}]}}