{"id":537,"date":"2014-09-18T08:07:52","date_gmt":"2014-09-18T07:07:52","guid":{"rendered":"http:\/\/blogs.elnortedecastilla.es\/robertocarbajal\/?p=537"},"modified":"2014-09-18T08:07:52","modified_gmt":"2014-09-18T07:07:52","slug":"el-bollo-catalan","status":"publish","type":"post","link":"https:\/\/blogs.elnortedecastilla.es\/robertocarbajal\/2014\/09\/18\/el-bollo-catalan\/","title":{"rendered":"El bollo catal\u00e1n"},"content":{"rendered":"<p>Aquellos que durante a\u00f1os mostraron en p\u00fablico su desprecio por el sentimiento de todo un pueblo; los mismos que se dedicaron a difundir listas de productos catalanes para someterlos a boicot, paridas desde los despachos del poder; esos que, entre chascarrillos y desahogo, fomentaban el consumo de bebidas espumosas frente al cava durante las navidades; la misma gente que ahora pide el despliegue de la Guardia Civil en Catalu\u00f1a si, finalmente, se desobedece el mandato constitucional en aquel territorio convocando un refer\u00e9ndum secesionista\u2026 Esos, precisamente, son responsables en gran medida del desaf\u00edo al que nos enfrentamos hoy. Porque, amigo m\u00edo, si t\u00fa fuiste part\u00edcipe de semejante irresponsabilidad, ahora no te lleves las manos a la cabeza. Al margen de que la semilla revolucionaria siempre ha proliferado en tiempos de estrecheces e incertidumbre, situaciones como la que nos ocupa tienen responsables f\u00e1cilmente identificables. La lengua y la diferenciaci\u00f3n cultural vivifica el arraigo de pertenencia a un ente cuando \u00e9ste es atacado desde el exterior, aun d\u00e1ndose la circunstancia de que las posiciones de partida sean moderadas o incluso contrarias a la deriva independentista. Es tremendamente sencillo arengar a las masas mostrando el desd\u00e9n con que se tratan asuntos tan delicados como los sentimientos. Poco importa ahora si refrendar la opini\u00f3n ciudadana sobre este asunto es legal o no; tarde o temprano, si no se trata de revertir la visi\u00f3n rec\u00edproca que unos espa\u00f1oles tienen respecto a otros, el futuro es irremisible.<\/p>\n<p>Durante la sobrecogedora manifestaci\u00f3n del pasado 11-S, la televisi\u00f3n gubernamental catalana exhibi\u00f3 testimonios de adolescentes mostrando su desprecio por la nacionalidad espa\u00f1ola. Todo es producto de la dejaci\u00f3n de funciones y de la ausencia de pol\u00edticas integradoras inaplicadas en todo el Estado. El desconocimiento del otro y el adoctrinamiento en las escuelas ponen la guinda a este pastel fermentado por la demagogia y el victimismo. Y ahora, \u00bfqui\u00e9n ser\u00e1 capaz de hacer bajar el sufl\u00e9?<\/p>\n<p><em>Publicado en El Norte de Castilla el 17 de septiembre de 2014<\/em><\/p>\n","protected":false},"excerpt":{"rendered":"<p>Aquellos que durante a\u00f1os mostraron en p\u00fablico su desprecio por el sentimiento de todo un pueblo; los mismos que se dedicaron a difundir listas de productos catalanes para someterlos a boicot, paridas desde los despachos del poder; esos que, entre chascarrillos y desahogo, fomentaban el consumo de bebidas espumosas frente al cava durante las navidades; [&hellip;]<\/p>\n","protected":false},"author":8,"featured_media":0,"comment_status":"open","ping_status":"open","sticky":false,"template":"","format":"standard","meta":[],"categories":[3,8,11],"tags":[],"_links":{"self":[{"href":"https:\/\/blogs.elnortedecastilla.es\/robertocarbajal\/wp-json\/wp\/v2\/posts\/537"}],"collection":[{"href":"https:\/\/blogs.elnortedecastilla.es\/robertocarbajal\/wp-json\/wp\/v2\/posts"}],"about":[{"href":"https:\/\/blogs.elnortedecastilla.es\/robertocarbajal\/wp-json\/wp\/v2\/types\/post"}],"author":[{"embeddable":true,"href":"https:\/\/blogs.elnortedecastilla.es\/robertocarbajal\/wp-json\/wp\/v2\/users\/8"}],"replies":[{"embeddable":true,"href":"https:\/\/blogs.elnortedecastilla.es\/robertocarbajal\/wp-json\/wp\/v2\/comments?post=537"}],"version-history":[{"count":0,"href":"https:\/\/blogs.elnortedecastilla.es\/robertocarbajal\/wp-json\/wp\/v2\/posts\/537\/revisions"}],"wp:attachment":[{"href":"https:\/\/blogs.elnortedecastilla.es\/robertocarbajal\/wp-json\/wp\/v2\/media?parent=537"}],"wp:term":[{"taxonomy":"category","embeddable":true,"href":"https:\/\/blogs.elnortedecastilla.es\/robertocarbajal\/wp-json\/wp\/v2\/categories?post=537"},{"taxonomy":"post_tag","embeddable":true,"href":"https:\/\/blogs.elnortedecastilla.es\/robertocarbajal\/wp-json\/wp\/v2\/tags?post=537"}],"curies":[{"name":"wp","href":"https:\/\/api.w.org\/{rel}","templated":true}]}}