{"id":539,"date":"2014-09-25T08:07:10","date_gmt":"2014-09-25T07:07:10","guid":{"rendered":"http:\/\/blogs.elnortedecastilla.es\/robertocarbajal\/?p=539"},"modified":"2014-09-25T08:07:10","modified_gmt":"2014-09-25T07:07:10","slug":"las-pelotas-del-tenis","status":"publish","type":"post","link":"https:\/\/blogs.elnortedecastilla.es\/robertocarbajal\/2014\/09\/25\/las-pelotas-del-tenis\/","title":{"rendered":"Las pelotas del tenis"},"content":{"rendered":"<p>Tiene raz\u00f3n el t\u00edo de Rafa Nadal cuando afirma que las cosas, cuanto m\u00e1s simples, mejor. Al entrenador de nuestro mejor tenista no le ha gustado nada el procedimiento llevado a cabo por  el presidente de la federaci\u00f3n de tenis de nombrar a Gala Le\u00f3n capitana de la Copa Davis. Los jugadores han mostrado su extra\u00f1eza por la designaci\u00f3n y por no haber sido consultados. El hecho de que quien lidere el equipo masculino de tenis sea una mujer puede sorprender a muchos y, por lo que se ve, espanta a otros tantos. Toni Nadal cree que no es acertado que una mujer se pasee en el vestuario dando \u00e1nimo a los jugadores mientras \u00e9stos se muestran desnudos o semidesnudos antes de salir a la pista. Es un asunto controvertido, la verdad. Del mismo modo, causar\u00eda similar estupefacci\u00f3n si quien dirigiese el equipo tuviese la condici\u00f3n de homosexual declarado (digo yo). Se podr\u00eda afirmar que el disfrute para la vista ser\u00eda id\u00e9ntico al que podr\u00eda mostrar una mujer ante tipos de m\u00e1s de uno ochenta, fornidos y en plena forma.<\/p>\n<p>Como suele suceder en estos casos, ante la pol\u00e9mica, el presidente de la Federaci\u00f3n ha reculado un paso y justifica el nombramiento como \u201cprovisional\u201d. Entonces, \u00bfpor qu\u00e9 se ha tomado semejante decisi\u00f3n, habida cuenta que nuestra exitosa selecci\u00f3n ha descendido de categor\u00eda tras el \u00faltimo fracaso? Hay quien duda de la capacidad de Gala Le\u00f3n para hacerse con las riendas de semejante pastel\u00f3n. Se refieren, claro est\u00e1, a que la interfecta carece de la suficiente experiencia para los retos que deber\u00e1 afrontar, si se pretende conducir al equipo espa\u00f1ol a la primera l\u00ednea. \u00c9se deber\u00eda ser el debate, y no el otro. No creo que un tenista juegue mejor o peor si ha de vestirse un poco antes de que Le\u00f3n entre en el vestuario para insuflarle \u00e1nimo. Otra cosa bien diferente ser\u00eda que la seleccionadora perdiera el sentido ante el torso desnudo de uno de nuestros campeones. Ella o un entrenador homosexual. Y, por qu\u00e9 no: cualquiera de nosotros, para qu\u00e9 vamos a enga\u00f1arnos. Quien sea de piedra, que tire la primera. <\/p>\n<p><em>Publicado en El Norte de Castilla el 24 de septiembre de 2014<\/em><\/p>\n","protected":false},"excerpt":{"rendered":"<p>Tiene raz\u00f3n el t\u00edo de Rafa Nadal cuando afirma que las cosas, cuanto m\u00e1s simples, mejor. Al entrenador de nuestro mejor tenista no le ha gustado nada el procedimiento llevado a cabo por el presidente de la federaci\u00f3n de tenis de nombrar a Gala Le\u00f3n capitana de la Copa Davis. Los jugadores han mostrado su [&hellip;]<\/p>\n","protected":false},"author":8,"featured_media":0,"comment_status":"open","ping_status":"open","sticky":false,"template":"","format":"standard","meta":[],"categories":[3],"tags":[489,1170],"_links":{"self":[{"href":"https:\/\/blogs.elnortedecastilla.es\/robertocarbajal\/wp-json\/wp\/v2\/posts\/539"}],"collection":[{"href":"https:\/\/blogs.elnortedecastilla.es\/robertocarbajal\/wp-json\/wp\/v2\/posts"}],"about":[{"href":"https:\/\/blogs.elnortedecastilla.es\/robertocarbajal\/wp-json\/wp\/v2\/types\/post"}],"author":[{"embeddable":true,"href":"https:\/\/blogs.elnortedecastilla.es\/robertocarbajal\/wp-json\/wp\/v2\/users\/8"}],"replies":[{"embeddable":true,"href":"https:\/\/blogs.elnortedecastilla.es\/robertocarbajal\/wp-json\/wp\/v2\/comments?post=539"}],"version-history":[{"count":0,"href":"https:\/\/blogs.elnortedecastilla.es\/robertocarbajal\/wp-json\/wp\/v2\/posts\/539\/revisions"}],"wp:attachment":[{"href":"https:\/\/blogs.elnortedecastilla.es\/robertocarbajal\/wp-json\/wp\/v2\/media?parent=539"}],"wp:term":[{"taxonomy":"category","embeddable":true,"href":"https:\/\/blogs.elnortedecastilla.es\/robertocarbajal\/wp-json\/wp\/v2\/categories?post=539"},{"taxonomy":"post_tag","embeddable":true,"href":"https:\/\/blogs.elnortedecastilla.es\/robertocarbajal\/wp-json\/wp\/v2\/tags?post=539"}],"curies":[{"name":"wp","href":"https:\/\/api.w.org\/{rel}","templated":true}]}}