{"id":540,"date":"2014-10-02T08:07:13","date_gmt":"2014-10-02T07:07:13","guid":{"rendered":"http:\/\/blogs.elnortedecastilla.es\/robertocarbajal\/?p=540"},"modified":"2014-10-02T08:07:13","modified_gmt":"2014-10-02T07:07:13","slug":"guetos-y-zonas-guay","status":"publish","type":"post","link":"https:\/\/blogs.elnortedecastilla.es\/robertocarbajal\/2014\/10\/02\/guetos-y-zonas-guay\/","title":{"rendered":"Guetos y zonas guay"},"content":{"rendered":"<p>El Gobierno cree que en Espa\u00f1a existe poca desigualdad social, as\u00ed que ahora baraja la posibilidad de trasladar a\u00fan m\u00e1s desequilibrio a las ciudades. Grosso modo, el partido conservador que reina en nuestro pa\u00eds quiere aplicar la f\u00f3rmula de chico, t\u00fa vales mucho; t\u00fa, no. La traducci\u00f3n se ver\u00eda reflejada en que las zonas m\u00e1s favorecidas de ciudades como Valladolid disfrutar\u00edan de mejores servicios que las barriadas \u2018populares\u2019, que es como se denomina a los lugares habitados por inmigrantes, parados y obreros de toda condici\u00f3n. As\u00ed, franjas comerciales y n\u00facleos de poblaci\u00f3n de alta gama ver\u00edan sus calles relucientes, limpias sobre limpio; mayor n\u00famero de efectivos de polic\u00eda patrullando sus cristalinas v\u00edas y toda una serie de servicios prestados por el Ayuntamiento por la simple y solidaria raz\u00f3n de que pagan m\u00e1s impuestos.<\/p>\n<p>Curiosamente, el partido gobernante siempre ha pretendido mitigar las quejas de las comunidades aut\u00f3nomas perif\u00e9ricas preconizando la solidaridad entre regiones ricas y pobres, con la finalidad de disminuir la desigualdad y acercando la calidad de vida a quienes por s\u00ed mismos no podr\u00edan lograrlo. Por tanto, el discurso entra en pura contradicci\u00f3n si lo que se pretende es que la gente que se desenvuelve en la calle Santiago o en la plaza Mayor debe acaparar mayores servicios que quienes sobreviven en Pajarillos, pongamos por caso. Alguien se ver\u00e1 tentado de arg\u00fcir que se crear\u00e1n m\u00e1s puestos de trabajo para prestar esos servicios en las zonas guay, sin menoscabar los que vienen percibiendo los de las barriadas m\u00e1s \u2018sencillas\u2019. Conociendo como conocemos la pol\u00edtica de este viejo Estado, con los mismos efectivos se tratar\u00eda de dar cobertura a la misma poblaci\u00f3n, as\u00ed que a algunos se los arrebatar\u00edan para aument\u00e1rselos a otros. Los partidos de la oposici\u00f3n municipal ya han puesto el grito en el cielo, y no les falta raz\u00f3n; \u00bfo es que de repente los ayuntamientos van a contratar personal a lo loco? Todo lo anterior nos conducir\u00eda a la creaci\u00f3n de guetos, si es que \u00e9stos no existen ya. <\/p>\n<p><em>Publicado en El Norte de Castilla el 1 de octubre de 2014<\/em><\/p>\n","protected":false},"excerpt":{"rendered":"<p>El Gobierno cree que en Espa\u00f1a existe poca desigualdad social, as\u00ed que ahora baraja la posibilidad de trasladar a\u00fan m\u00e1s desequilibrio a las ciudades. Grosso modo, el partido conservador que reina en nuestro pa\u00eds quiere aplicar la f\u00f3rmula de chico, t\u00fa vales mucho; t\u00fa, no. La traducci\u00f3n se ver\u00eda reflejada en que las zonas m\u00e1s [&hellip;]<\/p>\n","protected":false},"author":8,"featured_media":0,"comment_status":"open","ping_status":"open","sticky":false,"template":"","format":"standard","meta":[],"categories":[3,8],"tags":[908,1219],"_links":{"self":[{"href":"https:\/\/blogs.elnortedecastilla.es\/robertocarbajal\/wp-json\/wp\/v2\/posts\/540"}],"collection":[{"href":"https:\/\/blogs.elnortedecastilla.es\/robertocarbajal\/wp-json\/wp\/v2\/posts"}],"about":[{"href":"https:\/\/blogs.elnortedecastilla.es\/robertocarbajal\/wp-json\/wp\/v2\/types\/post"}],"author":[{"embeddable":true,"href":"https:\/\/blogs.elnortedecastilla.es\/robertocarbajal\/wp-json\/wp\/v2\/users\/8"}],"replies":[{"embeddable":true,"href":"https:\/\/blogs.elnortedecastilla.es\/robertocarbajal\/wp-json\/wp\/v2\/comments?post=540"}],"version-history":[{"count":0,"href":"https:\/\/blogs.elnortedecastilla.es\/robertocarbajal\/wp-json\/wp\/v2\/posts\/540\/revisions"}],"wp:attachment":[{"href":"https:\/\/blogs.elnortedecastilla.es\/robertocarbajal\/wp-json\/wp\/v2\/media?parent=540"}],"wp:term":[{"taxonomy":"category","embeddable":true,"href":"https:\/\/blogs.elnortedecastilla.es\/robertocarbajal\/wp-json\/wp\/v2\/categories?post=540"},{"taxonomy":"post_tag","embeddable":true,"href":"https:\/\/blogs.elnortedecastilla.es\/robertocarbajal\/wp-json\/wp\/v2\/tags?post=540"}],"curies":[{"name":"wp","href":"https:\/\/api.w.org\/{rel}","templated":true}]}}