{"id":542,"date":"2014-10-09T08:07:29","date_gmt":"2014-10-09T07:07:29","guid":{"rendered":"http:\/\/blogs.elnortedecastilla.es\/robertocarbajal\/?p=542"},"modified":"2014-10-09T08:07:29","modified_gmt":"2014-10-09T07:07:29","slug":"fuera-de-contexto","status":"publish","type":"post","link":"https:\/\/blogs.elnortedecastilla.es\/robertocarbajal\/2014\/10\/09\/fuera-de-contexto\/","title":{"rendered":"Fuera de contexto"},"content":{"rendered":"<p>Cada d\u00eda hay m\u00e1s imb\u00e9ciles en Espa\u00f1a, o al menos eso creen algunos de los que se dedican a dar lecciones desde esos p\u00falpitos en que se han convertido los foros. M\u00f3nica de Oriol es la muestra palmaria de este relato de la veleidad. La presidenta del C\u00edrculo de Empresarios reparte estopa a diestro y siniestro desde su privilegiada atalaya. Desde que pagamos el salario m\u00ednimo a gente que no tiene ni idea, hasta que las mujeres en periodo de fertilidad son un problema para las empresas. Cuando sus declaraciones se convierten en cr\u00edticas furibundas hacia ella, Oriol recurre al tan manido ardid de que se han sacado de contexto. Luego, claro, visionas la comparecencia entera y es peor el total que el parcial de sus palabras. Se ha convertido en una pr\u00e1ctica habitual tomar a la generalidad de los periodistas por iletrados o malintencionados y por est\u00fapidos a quienes reciben la informaci\u00f3n editada.<\/p>\n<p>Pero este fen\u00f3meno es contagioso, como la propia estulticia. Se ha unido a la fiesta descontextualizada el flamante y futuro presidente del Gobierno (seg\u00fan \u00e9l). Pedro S\u00e1nchez asegur\u00f3 en una reciente entrevista que sobra el Ministerio de Defensa, as\u00ed, tal cual, sin matices. El secretario general socialista y aspirante a dirigir los designios del pa\u00eds (con el permiso de la izquierda populista) juzga innecesaria la existencia del departamento que se encarga de la seguridad de Espa\u00f1a. Ante el revuelo causado, desde el partido se han encargado de desmentir semejante aseveraci\u00f3n, recurriendo de nuevo a la descontextualizaci\u00f3n. Imaginemos a esta naci\u00f3n de naciones sin militares. Bien, podr\u00edamos ahorrarnos sobresaltos como las asonadas y el ruido de sables, pero el territorio se quedar\u00eda a los pies de los caballos. \u00c1rabes o portugueses podr\u00edan encontrar la ocasi\u00f3n de vengarse y ampliar su espacio vital, que, en el caso de los primeros, es el mundo entero. Hmm, bien comienza S\u00e1nchez, con \u2018boutades\u2019 en cascada. Estoy seguro de que \u00e9l no cree en esa majader\u00eda, pero \u00bfy si fuera as\u00ed? Espa\u00f1a se pondr\u00eda entretenida a m\u00e1s no poder.   <\/p>\n<p><em>Publicado en El Norte de Castilla el 8 de octubre de 2014<\/em><\/p>\n","protected":false},"excerpt":{"rendered":"<p>Cada d\u00eda hay m\u00e1s imb\u00e9ciles en Espa\u00f1a, o al menos eso creen algunos de los que se dedican a dar lecciones desde esos p\u00falpitos en que se han convertido los foros. M\u00f3nica de Oriol es la muestra palmaria de este relato de la veleidad. La presidenta del C\u00edrculo de Empresarios reparte estopa a diestro y [&hellip;]<\/p>\n","protected":false},"author":8,"featured_media":0,"comment_status":"open","ping_status":"open","sticky":false,"template":"","format":"standard","meta":[],"categories":[3,8],"tags":[],"_links":{"self":[{"href":"https:\/\/blogs.elnortedecastilla.es\/robertocarbajal\/wp-json\/wp\/v2\/posts\/542"}],"collection":[{"href":"https:\/\/blogs.elnortedecastilla.es\/robertocarbajal\/wp-json\/wp\/v2\/posts"}],"about":[{"href":"https:\/\/blogs.elnortedecastilla.es\/robertocarbajal\/wp-json\/wp\/v2\/types\/post"}],"author":[{"embeddable":true,"href":"https:\/\/blogs.elnortedecastilla.es\/robertocarbajal\/wp-json\/wp\/v2\/users\/8"}],"replies":[{"embeddable":true,"href":"https:\/\/blogs.elnortedecastilla.es\/robertocarbajal\/wp-json\/wp\/v2\/comments?post=542"}],"version-history":[{"count":0,"href":"https:\/\/blogs.elnortedecastilla.es\/robertocarbajal\/wp-json\/wp\/v2\/posts\/542\/revisions"}],"wp:attachment":[{"href":"https:\/\/blogs.elnortedecastilla.es\/robertocarbajal\/wp-json\/wp\/v2\/media?parent=542"}],"wp:term":[{"taxonomy":"category","embeddable":true,"href":"https:\/\/blogs.elnortedecastilla.es\/robertocarbajal\/wp-json\/wp\/v2\/categories?post=542"},{"taxonomy":"post_tag","embeddable":true,"href":"https:\/\/blogs.elnortedecastilla.es\/robertocarbajal\/wp-json\/wp\/v2\/tags?post=542"}],"curies":[{"name":"wp","href":"https:\/\/api.w.org\/{rel}","templated":true}]}}