{"id":543,"date":"2014-10-16T07:39:24","date_gmt":"2014-10-16T06:39:24","guid":{"rendered":"http:\/\/blogs.elnortedecastilla.es\/robertocarbajal\/?p=543"},"modified":"2014-10-16T07:39:24","modified_gmt":"2014-10-16T06:39:24","slug":"anatomia-de-un-fracaso","status":"publish","type":"post","link":"https:\/\/blogs.elnortedecastilla.es\/robertocarbajal\/2014\/10\/16\/anatomia-de-un-fracaso\/","title":{"rendered":"Anatom\u00eda de un fracaso"},"content":{"rendered":"<p>En los momentos cr\u00edticos, los pa\u00edses demuestran de qu\u00e9 pasta est\u00e1n hechos y la grandeza de quienes marcan sus designios. Espa\u00f1a lleva tiempo desnudando su versi\u00f3n miserable ante el mundo y no existe un modo mejor de calificar la \u2018marca Espa\u00f1a\u2019 que eludir el jaque. Las instituciones de nuestro Estado han demostrado que son incapaces de detectar, evaluar y aplicar medicina ante la enfermedad de un reino viejo y necesitado de un sinn\u00famero de reformas. El nepotismo desmedido en tribunales de control, la incompetencia o complicidad del Banco de Espa\u00f1a frente al desmadre de las cajas de ahorro, la falta de voluntad y la carencia de mecanismos para juzgar en plazos razonables a quienes han esquilmado a esta naci\u00f3n constituyen s\u00f3lo el esbozo de su met\u00e1stasis org\u00e1nica.<\/p>\n<p>Aun siendo graves los apartados anteriores, resultan todav\u00eda m\u00e1s insoportables los asuntos que conciernen a la salud p\u00fablica, uno de los pilares de los estados modernos. El desgobierno puesto de manifiesto desde que se desatase la crisis del \u00e9bola muestra a las claras cu\u00e1les son las mimbres con las que ha de lidiar el ciudadano de a pie, ese que desconoce a qu\u00e9 huele un coche oficial. El sistema p\u00fablico de salud ha quedado en pelota ante la opini\u00f3n p\u00fablica global; no porque sea un desastre, sino por los prebostes cuya tarea esencial es resolver los problemas, no crear otros nuevos. Esa end\u00e9mica costumbre de los partidos pol\u00edticos espa\u00f1oles de nombrar ministros a los miembros de la estructura de sus formaciones acarrea estampas tan pat\u00e9ticas como el sindi\u00f3s de Ana Mato al frente de una crisis sanitaria, que s\u00f3lo ha hecho que empeorar la percepci\u00f3n de la imagen de Espa\u00f1a y sembrar de inquietud al conjunto de la sociedad. Un pa\u00eds que se proclama moderno no debe soportar la incompetencia e inanici\u00f3n intelectual de alguien que hace tiempo debi\u00f3 ser destituida por higiene democr\u00e1tica, una f\u00f3rmula que debe aplicarse tambi\u00e9n al provocador consejero de la sanidad p\u00fablica madrile\u00f1a, por falt\u00f3n e hijo de puta pol\u00edtico. Cur\u00e9monos de tanto espanto, porque hiede.  <\/p>\n<p><em>Publicado en El Norte de Castilla el 15 de octubre de 2014<\/em><\/p>\n","protected":false},"excerpt":{"rendered":"<p>En los momentos cr\u00edticos, los pa\u00edses demuestran de qu\u00e9 pasta est\u00e1n hechos y la grandeza de quienes marcan sus designios. Espa\u00f1a lleva tiempo desnudando su versi\u00f3n miserable ante el mundo y no existe un modo mejor de calificar la \u2018marca Espa\u00f1a\u2019 que eludir el jaque. Las instituciones de nuestro Estado han demostrado que son incapaces [&hellip;]<\/p>\n","protected":false},"author":8,"featured_media":0,"comment_status":"open","ping_status":"open","sticky":false,"template":"","format":"standard","meta":[],"categories":[3,8],"tags":[],"_links":{"self":[{"href":"https:\/\/blogs.elnortedecastilla.es\/robertocarbajal\/wp-json\/wp\/v2\/posts\/543"}],"collection":[{"href":"https:\/\/blogs.elnortedecastilla.es\/robertocarbajal\/wp-json\/wp\/v2\/posts"}],"about":[{"href":"https:\/\/blogs.elnortedecastilla.es\/robertocarbajal\/wp-json\/wp\/v2\/types\/post"}],"author":[{"embeddable":true,"href":"https:\/\/blogs.elnortedecastilla.es\/robertocarbajal\/wp-json\/wp\/v2\/users\/8"}],"replies":[{"embeddable":true,"href":"https:\/\/blogs.elnortedecastilla.es\/robertocarbajal\/wp-json\/wp\/v2\/comments?post=543"}],"version-history":[{"count":0,"href":"https:\/\/blogs.elnortedecastilla.es\/robertocarbajal\/wp-json\/wp\/v2\/posts\/543\/revisions"}],"wp:attachment":[{"href":"https:\/\/blogs.elnortedecastilla.es\/robertocarbajal\/wp-json\/wp\/v2\/media?parent=543"}],"wp:term":[{"taxonomy":"category","embeddable":true,"href":"https:\/\/blogs.elnortedecastilla.es\/robertocarbajal\/wp-json\/wp\/v2\/categories?post=543"},{"taxonomy":"post_tag","embeddable":true,"href":"https:\/\/blogs.elnortedecastilla.es\/robertocarbajal\/wp-json\/wp\/v2\/tags?post=543"}],"curies":[{"name":"wp","href":"https:\/\/api.w.org\/{rel}","templated":true}]}}