{"id":547,"date":"2014-11-13T08:14:29","date_gmt":"2014-11-13T07:14:29","guid":{"rendered":"http:\/\/blogs.elnortedecastilla.es\/robertocarbajal\/?p=547"},"modified":"2014-11-13T08:14:29","modified_gmt":"2014-11-13T07:14:29","slug":"podemos-o-podriamos","status":"publish","type":"post","link":"https:\/\/blogs.elnortedecastilla.es\/robertocarbajal\/2014\/11\/13\/podemos-o-podriamos\/","title":{"rendered":"\u00bfPodemos o Podr\u00edamos?"},"content":{"rendered":"<p>En una Espa\u00f1a descompuesta y sin plan, con un presidente del Gobierno macerando en el b\u00fanker y con unas perspectivas econ\u00f3micas del pa\u00eds de las maravillas, de vez en cuando nos encontramos con noticias que alegran nuestra triste existencia. El partido del mesi\u00e1nico Pablo Iglesias, es decir, Podemos, incorporar\u00e1 en su programa electoral que los futbolistas de primera y segunda divisi\u00f3n deban tener estudios primarios o de secundaria, porque depende d\u00f3nde coloquemos el list\u00f3n. El argumento de la formaci\u00f3n que han creado los partidos hegem\u00f3nicos de nuestro pa\u00eds gira alrededor de la influencia que ejercen sobre los ni\u00f1os las grandes estrellas del balompi\u00e9. Bien mirado, la idea no es para tom\u00e1rsela a risa. Si este hito program\u00e1tico llegase al Parlamento, podr\u00edamos encontrarnos con una liga empobrecida en cuanto a lo futbol\u00edstico, pero con unos jugadores que reciten a Neruda de memoria, que su verbo sea florido y hermoso o que arrinconen de una vez por todas las sentencias habituales con las que se despachan en las comparecencias ante los medios. A saber: el f\u00fatbol es as\u00ed; si bueno, \u00bfno?; ellos salieron a hacer su partido y nosotros el nuestro; pienso de que el m\u00edster hace lo que crea conveniente por el bien del equipo, \u00bfno?, y cosillas por el estilo que han calado en el acervo popular tanto como esta lluvia de noviembre.<\/p>\n<p>Con Podemos da gusto. \u00bfTienes un problema irresoluble? Tranquilo, el partido de moda tiene una soluci\u00f3n, impracticable, pero una que puede hacerte so\u00f1ar despierto. Este grupo de intelectuales, producto del hast\u00edo generalizado, comienza a parecerse a sus hom\u00f3logos de la casta, es decir, prometer algo que es metaf\u00edsicamente imposible de cumplir. Es innegable que constituyen un soplo de aire fresco en la impresentable pol\u00edtica espa\u00f1ola y la gente no cuestiona el rosario de barbaridades que piensan poner en marcha si alcanzan el poder. Salvo que bajo el subsuelo de nuestro agrietado pa\u00eds alguien haya descubierto una bolsa de petr\u00f3leo descomunal, las promesas de Podemos son ciencia ficci\u00f3n.<\/p>\n<p>Est\u00e1 claro que Espa\u00f1a necesita algo m\u00e1s que un revolc\u00f3n, un buen polvo que germine en una criatura renovada cargada de esperanza; no que venga con un pan bajo el brazo, sino con una panader\u00eda gigantesca para alimentar a la creciente masa de excluidos sociales, que en esta regi\u00f3n alcanza a un sexto de la poblaci\u00f3n. Si Podemos fuese capaz de despertar de su letargo a Mariano Rajoy, s\u00f3lo por eso, ya valdr\u00eda la pena su existencia. Rajoy vive en su mundo, en eso que \u00e9l llama \u2018cosas\u2019, y pareciera que el desaf\u00edo catal\u00e1n tambi\u00e9n, tambi\u00e9n, se arregla solo, que \u00e9sta y no otra es la filosof\u00eda de nuestro hombre en Moncloa. Pero parece que ni el presidente del Gobierno ni Pablo Iglesias son capaces de agitar la varita m\u00e1gica que solucione los problemas m\u00e1s acuciantes del pa\u00eds. Seamos realistas: dej\u00e9moslo en Podr\u00edamos. A ambos dos.  <\/p>\n<p><em>Publicado en El Norte de Castilla el 12 de noviembre de 2014<\/em><\/p>\n","protected":false},"excerpt":{"rendered":"<p>En una Espa\u00f1a descompuesta y sin plan, con un presidente del Gobierno macerando en el b\u00fanker y con unas perspectivas econ\u00f3micas del pa\u00eds de las maravillas, de vez en cuando nos encontramos con noticias que alegran nuestra triste existencia. El partido del mesi\u00e1nico Pablo Iglesias, es decir, Podemos, incorporar\u00e1 en su programa electoral que los [&hellip;]<\/p>\n","protected":false},"author":8,"featured_media":0,"comment_status":"open","ping_status":"open","sticky":false,"template":"","format":"standard","meta":[],"categories":[3,8,11],"tags":[903,963],"_links":{"self":[{"href":"https:\/\/blogs.elnortedecastilla.es\/robertocarbajal\/wp-json\/wp\/v2\/posts\/547"}],"collection":[{"href":"https:\/\/blogs.elnortedecastilla.es\/robertocarbajal\/wp-json\/wp\/v2\/posts"}],"about":[{"href":"https:\/\/blogs.elnortedecastilla.es\/robertocarbajal\/wp-json\/wp\/v2\/types\/post"}],"author":[{"embeddable":true,"href":"https:\/\/blogs.elnortedecastilla.es\/robertocarbajal\/wp-json\/wp\/v2\/users\/8"}],"replies":[{"embeddable":true,"href":"https:\/\/blogs.elnortedecastilla.es\/robertocarbajal\/wp-json\/wp\/v2\/comments?post=547"}],"version-history":[{"count":0,"href":"https:\/\/blogs.elnortedecastilla.es\/robertocarbajal\/wp-json\/wp\/v2\/posts\/547\/revisions"}],"wp:attachment":[{"href":"https:\/\/blogs.elnortedecastilla.es\/robertocarbajal\/wp-json\/wp\/v2\/media?parent=547"}],"wp:term":[{"taxonomy":"category","embeddable":true,"href":"https:\/\/blogs.elnortedecastilla.es\/robertocarbajal\/wp-json\/wp\/v2\/categories?post=547"},{"taxonomy":"post_tag","embeddable":true,"href":"https:\/\/blogs.elnortedecastilla.es\/robertocarbajal\/wp-json\/wp\/v2\/tags?post=547"}],"curies":[{"name":"wp","href":"https:\/\/api.w.org\/{rel}","templated":true}]}}