{"id":549,"date":"2015-02-05T08:27:28","date_gmt":"2015-02-05T07:27:28","guid":{"rendered":"http:\/\/blogs.elnortedecastilla.es\/robertocarbajal\/?p=549"},"modified":"2015-02-05T08:27:28","modified_gmt":"2015-02-05T07:27:28","slug":"iconos-de-nuevo-cuno","status":"publish","type":"post","link":"https:\/\/blogs.elnortedecastilla.es\/robertocarbajal\/2015\/02\/05\/iconos-de-nuevo-cuno\/","title":{"rendered":"Iconos de nuevo cu\u00f1o"},"content":{"rendered":"<p>El ser humano necesita creer en algo e, irremisiblemente, esta necesidad le conduce a seguir a alguien. No es un fen\u00f3meno nuevo; no hay m\u00e1s que echar un vistazo al l\u00edo en que se convirtieron las religiones para darse cuenta del fen\u00f3meno. O, igual de inaccesible, a la mitolog\u00eda griega. Jas\u00f3n se embarc\u00f3 con los argonautas hacia la C\u00f3lquide en busca del vellocino de oro, un cordero con la piel del preciado metal que le proporcionar\u00eda el acceso al trono.<\/p>\n<p>Siguiendo la estela mitol\u00f3gica, el fen\u00f3meno al que muchos bautizan como populismo, en un mundo fren\u00e9tico y plagado de incertidumbre, prende en el subsuelo abonado del alma pol\u00edtica de la que nadie puede sustraerse. La demostraci\u00f3n del pasado fin de semana en Madrid, en la que Podemos exhibi\u00f3 musculatura en el epicentro del que surgieron los \u2018indignados\u2019, caldo de cultivo del nacimiento de la formaci\u00f3n de Pablo Iglesias, se afianz\u00f3 el nacimiento de un nuevo mito, de un icono del siglo XXI. La c\u00fapula de la formaci\u00f3n pol\u00edtica lanz\u00f3 soflamas contra la \u2018casta\u2019, de la que ellos ya forman parte, y armaron un discurso pleno de romanticismo que prende f\u00e1cilmente en el coraz\u00f3n, no en la cabeza. Se trata, al fin y al cabo, de seguir la pauta freudiana de la psicolog\u00eda de las masas, cuyo comportamiento es diferente al que ejercen los individuos. Si el Che Guevara se apropi\u00f3 iconogr\u00e1ficamente de la revoluci\u00f3n cubana y su expansi\u00f3n espiritual en Am\u00e9rica Latina, Iglesias es ya, no a su pesar, otra versi\u00f3n m\u00e1s moderna del revolucionario argentino. El Che alimentaba las conciencias latinoamericanas y, a la inversa, el l\u00edder de Podemos ha mamado de aquellas ubres. La joven formaci\u00f3n tiene asustado a todo el mundo, habida cuenta de que se ha convertido en el punto clave con quien habr\u00e1 que hablar para formar gobiernos en este apasionante a\u00f1o electoral. Qui\u00e9n iba a decirnos hace un tiempo que quienes tildaban a los manifestantes de Sol de \u2018perroflautas\u2019 hediondos dar\u00edan a luz a un partido que discursivamente pretende arrasar con todo lo establecido. Ellos crearon la bicha.<\/p>\n<p><em>Publicado en El Norte de Castilla el 4 de febrero de 2015<\/em><\/p>\n","protected":false},"excerpt":{"rendered":"<p>El ser humano necesita creer en algo e, irremisiblemente, esta necesidad le conduce a seguir a alguien. No es un fen\u00f3meno nuevo; no hay m\u00e1s que echar un vistazo al l\u00edo en que se convirtieron las religiones para darse cuenta del fen\u00f3meno. O, igual de inaccesible, a la mitolog\u00eda griega. Jas\u00f3n se embarc\u00f3 con los [&hellip;]<\/p>\n","protected":false},"author":8,"featured_media":0,"comment_status":"open","ping_status":"open","sticky":false,"template":"","format":"standard","meta":[],"categories":[3,8,11],"tags":[],"_links":{"self":[{"href":"https:\/\/blogs.elnortedecastilla.es\/robertocarbajal\/wp-json\/wp\/v2\/posts\/549"}],"collection":[{"href":"https:\/\/blogs.elnortedecastilla.es\/robertocarbajal\/wp-json\/wp\/v2\/posts"}],"about":[{"href":"https:\/\/blogs.elnortedecastilla.es\/robertocarbajal\/wp-json\/wp\/v2\/types\/post"}],"author":[{"embeddable":true,"href":"https:\/\/blogs.elnortedecastilla.es\/robertocarbajal\/wp-json\/wp\/v2\/users\/8"}],"replies":[{"embeddable":true,"href":"https:\/\/blogs.elnortedecastilla.es\/robertocarbajal\/wp-json\/wp\/v2\/comments?post=549"}],"version-history":[{"count":0,"href":"https:\/\/blogs.elnortedecastilla.es\/robertocarbajal\/wp-json\/wp\/v2\/posts\/549\/revisions"}],"wp:attachment":[{"href":"https:\/\/blogs.elnortedecastilla.es\/robertocarbajal\/wp-json\/wp\/v2\/media?parent=549"}],"wp:term":[{"taxonomy":"category","embeddable":true,"href":"https:\/\/blogs.elnortedecastilla.es\/robertocarbajal\/wp-json\/wp\/v2\/categories?post=549"},{"taxonomy":"post_tag","embeddable":true,"href":"https:\/\/blogs.elnortedecastilla.es\/robertocarbajal\/wp-json\/wp\/v2\/tags?post=549"}],"curies":[{"name":"wp","href":"https:\/\/api.w.org\/{rel}","templated":true}]}}