{"id":550,"date":"2015-02-12T09:50:08","date_gmt":"2015-02-12T08:50:08","guid":{"rendered":"http:\/\/blogs.elnortedecastilla.es\/robertocarbajal\/?p=550"},"modified":"2015-02-12T09:50:08","modified_gmt":"2015-02-12T08:50:08","slug":"patriotas-por-sorpresa","status":"publish","type":"post","link":"https:\/\/blogs.elnortedecastilla.es\/robertocarbajal\/2015\/02\/12\/patriotas-por-sorpresa\/","title":{"rendered":"Patriotas por sorpresa"},"content":{"rendered":"<p>No todo van a ser malas noticias para los partidos tradicionales por el surgimiento del partido de moda. De hecho, a pesar de que amenazan la estabilidad econ\u00f3mica tras una hipot\u00e9tica victoria electoral, Podemos se ha convertido en un aliado inesperado en asuntos sem\u00e1nticos y patri\u00f3ticos. En Espa\u00f1a siempre ha estado mal visto el uso del t\u00e9rmino Patria porque ten\u00eda reminiscencias franquistas, sobre todo en los acomplejados de izquierdas, que prefieren el neutro &#8216;este pa\u00eds&#8217;. Pues llega Pablo Iglesias y usa profusamente y con una naturalidad pasmosa la palabra Patria y hete aqu\u00ed que suena distinta en su boca. Nadie le pita cuando la emplea, incluso le aplauden m\u00e1s. No importa que sea producto de la contaminaci\u00f3n hispanoamericana que arrastran los de Podemos, pero no hay mal que por bien no venga. Que tiemblen los fachas: los perroflautas usan y usar\u00e1n Patria sin complejos.<\/p>\n<p>Siguiendo con el patriotismo, Podemos se ha instalado en todo el territorio nacional, dinamitando el sistema pol\u00edtico establecido. En comunidades complejas, como Euskadi y Catalu\u00f1a, este partido espa\u00f1ol, nacional o como quieran llamarlo ha arrebatado miles de votantes a las formaciones independentistas, que, seg\u00fan las encuestas, pasar\u00e1n ampliamente de Bildu, Esquerra y el resto del coro, haciendo un servicio impagable a la unidad de Espa\u00f1a. Toda esa gente estaba enclavada en el entorno de formaciones radicales y, en teor\u00eda, antiespa\u00f1olas. Ha tenido que llegar Podemos para hacer visible que la intenci\u00f3n de voto independentista no es tanta como algunos estiman y quieren hacernos creer.<\/p>\n<p>Con dinero o sin dinero, el fen\u00f3meno de Podemos se estudiar\u00e1 en las universidades de medio mundo, porque en lo que dura un suspiro se han apoderado de no pocos corazones en Espa\u00f1a y fuera de ella. Y otro favor a nuestra maltrecha marca Espa\u00f1a: Podemos y quienes lo dirigen son j\u00f3venes, preparados y nuestros mejores embajadores, dado que lo que estudiaron ha cundido y todo quisque ha puesto sus ojos en ellos. Eso s\u00ed, a PP y PSOE no les queda otra que amancebarse.<br \/>\n\u00a0<br \/>\n<em>Publicado en El Norte de Castilla el 11 de febrero de 2015<\/em><\/p>\n","protected":false},"excerpt":{"rendered":"<p>No todo van a ser malas noticias para los partidos tradicionales por el surgimiento del partido de moda. De hecho, a pesar de que amenazan la estabilidad econ\u00f3mica tras una hipot\u00e9tica victoria electoral, Podemos se ha convertido en un aliado inesperado en asuntos sem\u00e1nticos y patri\u00f3ticos. En Espa\u00f1a siempre ha estado mal visto el uso [&hellip;]<\/p>\n","protected":false},"author":8,"featured_media":0,"comment_status":"open","ping_status":"open","sticky":false,"template":"","format":"standard","meta":[],"categories":[3,8],"tags":[],"_links":{"self":[{"href":"https:\/\/blogs.elnortedecastilla.es\/robertocarbajal\/wp-json\/wp\/v2\/posts\/550"}],"collection":[{"href":"https:\/\/blogs.elnortedecastilla.es\/robertocarbajal\/wp-json\/wp\/v2\/posts"}],"about":[{"href":"https:\/\/blogs.elnortedecastilla.es\/robertocarbajal\/wp-json\/wp\/v2\/types\/post"}],"author":[{"embeddable":true,"href":"https:\/\/blogs.elnortedecastilla.es\/robertocarbajal\/wp-json\/wp\/v2\/users\/8"}],"replies":[{"embeddable":true,"href":"https:\/\/blogs.elnortedecastilla.es\/robertocarbajal\/wp-json\/wp\/v2\/comments?post=550"}],"version-history":[{"count":0,"href":"https:\/\/blogs.elnortedecastilla.es\/robertocarbajal\/wp-json\/wp\/v2\/posts\/550\/revisions"}],"wp:attachment":[{"href":"https:\/\/blogs.elnortedecastilla.es\/robertocarbajal\/wp-json\/wp\/v2\/media?parent=550"}],"wp:term":[{"taxonomy":"category","embeddable":true,"href":"https:\/\/blogs.elnortedecastilla.es\/robertocarbajal\/wp-json\/wp\/v2\/categories?post=550"},{"taxonomy":"post_tag","embeddable":true,"href":"https:\/\/blogs.elnortedecastilla.es\/robertocarbajal\/wp-json\/wp\/v2\/tags?post=550"}],"curies":[{"name":"wp","href":"https:\/\/api.w.org\/{rel}","templated":true}]}}