{"id":551,"date":"2015-02-19T09:32:07","date_gmt":"2015-02-19T08:32:07","guid":{"rendered":"http:\/\/blogs.elnortedecastilla.es\/robertocarbajal\/?p=551"},"modified":"2015-02-19T09:32:07","modified_gmt":"2015-02-19T08:32:07","slug":"impunidad","status":"publish","type":"post","link":"https:\/\/blogs.elnortedecastilla.es\/robertocarbajal\/2015\/02\/19\/impunidad\/","title":{"rendered":"Impunidad"},"content":{"rendered":"<p>Alguien deber\u00eda pararle los pies a Crist\u00f3bal Montoro. Se me ocurren un par de nombres pero uno no es de aqu\u00ed. Me quedo con Mariano Rajoy, que es el presidente del Gobierno del que forma parte el ministro de Hacienda. A priori, la elecci\u00f3n no est\u00e1 nada mal, reconozc\u00e1moslo, pero al tiempo no se le puede doblar el brazo. Me viene a la mente la afici\u00f3n del jefe del PP y del poder ejecutivo a enviar mensajes de aliento a un delincuente casi presunto y el panorama que se abre deja desolado a cualquiera. Montoro tiene dos varas de medir: una, que no se filtren expedientes de Hacienda que no le interesan; otra, los que s\u00ed. Recordemos que este ga\u00f1\u00e1n lleva amenazando a diferentes colectivos desde que lleg\u00f3 al despacho oral. Los primeros damnificados fueron los artistas que apoyaron a Zapatero; m\u00e1s tarde le sucedieron los diputados de la oposici\u00f3n y, c\u00f3mo no, algunos medios de comunicaci\u00f3n hostiles. En cualquier pa\u00eds &#8216;normal&#8217; este hombre habr\u00eda sido destituido a las primeras de cambio pero, amigos, esto es Espa\u00f1a, el norte de \u00c1frica.<\/p>\n<p>Crist\u00f3bal Montoro se indign\u00f3 cuando se filtr\u00f3 el expediente contra una multinacional que estaba siendo investigada por fraude. El tipo mont\u00f3 en c\u00f3lera por que se supiese, entre otras cosas, la mano blanda que se pretend\u00eda aplicar a la superempresa. La mano dura y la aquiescencia del mismo sujeto se aplica al enemigo pol\u00edtico. A Juan Carlos Monedero, cofundador de Podemos, le ha tocado hacer una declaraci\u00f3n complementaria gracias a la labor de don Crist\u00f3bal al colocarlo en el disparadero del fraude. No es que Monedero no lo merezca, que parece que s\u00ed, sino por las formas. Hacienda tiene la obligaci\u00f3n de salvaguardar estos asuntos con el celo debido y no colocar a la gente en el punto de mira. Pero en este pa\u00eds nuestro vale todo y llevamos tiempo soportando con estupefacci\u00f3n c\u00f3mo se han publicado expedientes de artistas y pol\u00edticos debidamente cocinados para poner a personas cuidadosamente elegidas a los pies de los caballos desde la impunidad del poder. Ma\u00f1ana podr\u00edamos ser cualquiera.<br \/>\n\u00a0<br \/>\n<em>Publicado en El Norte de Castilla el 18 de febrero de 2015<\/em><\/p>\n","protected":false},"excerpt":{"rendered":"<p>Alguien deber\u00eda pararle los pies a Crist\u00f3bal Montoro. Se me ocurren un par de nombres pero uno no es de aqu\u00ed. Me quedo con Mariano Rajoy, que es el presidente del Gobierno del que forma parte el ministro de Hacienda. A priori, la elecci\u00f3n no est\u00e1 nada mal, reconozc\u00e1moslo, pero al tiempo no se le [&hellip;]<\/p>\n","protected":false},"author":8,"featured_media":0,"comment_status":"open","ping_status":"open","sticky":false,"template":"","format":"standard","meta":[],"categories":[3,8],"tags":[],"_links":{"self":[{"href":"https:\/\/blogs.elnortedecastilla.es\/robertocarbajal\/wp-json\/wp\/v2\/posts\/551"}],"collection":[{"href":"https:\/\/blogs.elnortedecastilla.es\/robertocarbajal\/wp-json\/wp\/v2\/posts"}],"about":[{"href":"https:\/\/blogs.elnortedecastilla.es\/robertocarbajal\/wp-json\/wp\/v2\/types\/post"}],"author":[{"embeddable":true,"href":"https:\/\/blogs.elnortedecastilla.es\/robertocarbajal\/wp-json\/wp\/v2\/users\/8"}],"replies":[{"embeddable":true,"href":"https:\/\/blogs.elnortedecastilla.es\/robertocarbajal\/wp-json\/wp\/v2\/comments?post=551"}],"version-history":[{"count":0,"href":"https:\/\/blogs.elnortedecastilla.es\/robertocarbajal\/wp-json\/wp\/v2\/posts\/551\/revisions"}],"wp:attachment":[{"href":"https:\/\/blogs.elnortedecastilla.es\/robertocarbajal\/wp-json\/wp\/v2\/media?parent=551"}],"wp:term":[{"taxonomy":"category","embeddable":true,"href":"https:\/\/blogs.elnortedecastilla.es\/robertocarbajal\/wp-json\/wp\/v2\/categories?post=551"},{"taxonomy":"post_tag","embeddable":true,"href":"https:\/\/blogs.elnortedecastilla.es\/robertocarbajal\/wp-json\/wp\/v2\/tags?post=551"}],"curies":[{"name":"wp","href":"https:\/\/api.w.org\/{rel}","templated":true}]}}