{"id":557,"date":"2015-03-04T19:51:55","date_gmt":"2015-03-04T18:51:55","guid":{"rendered":"http:\/\/blogs.elnortedecastilla.es\/robertocarbajal\/?p=557"},"modified":"2015-03-04T19:51:55","modified_gmt":"2015-03-04T18:51:55","slug":"dios-en-el-boe","status":"publish","type":"post","link":"https:\/\/blogs.elnortedecastilla.es\/robertocarbajal\/2015\/03\/04\/dios-en-el-boe\/","title":{"rendered":"Dios en el BOE"},"content":{"rendered":"<p>La persona es incapaz de alcanzar por s\u00ed misma la felicidad. No lo digo yo, infeliz de m\u00ed, sino que est\u00e1 reflejado en parte del doctrinario del nuevo curr\u00edculo de la asignatura de Religi\u00f3n cat\u00f3lica que se aprob\u00f3 la semana pasada por el Gobierno. Los partidos de la oposici\u00f3n se han manifestado mayoritariamente en contra de la forma en que se aplica este temario, que cuenta tanto como las Matem\u00e1ticas o cualquier otra materia a la hora de evaluar a un alumno que opte por esta tem\u00e1tica, frente a la alternativa. Siempre he sido partidario de que en los centros p\u00fablicos se imparta Historia de las Religiones, a ver si de una vez la gente no habla de o\u00eddas y contextualiza la diferenciaci\u00f3n religiosa como acervo patrimonial y no como elemento separador o sanguinolento.<\/p>\n<p>Hay que darle un revolc\u00f3n al Concordato firmado con la Santa Sede en 1979. Se queda antiguo y genera una cadena de desencuentros que ser\u00edan evitables si los sectores implicados negociaran c\u00f3mo y qu\u00e9 ense\u00f1ar de la materia que circunda a quien llamamos Dios desde distintas \u00f3pticas. Los partidos de izquierda, como el PSOE, han reivindicado denunciar el Concordato, pero cuando han gobernado no le han hecho frente, por lealtad institucional, como aseguran los socialistas, una actitud que denota la forma de hacer el egipcio cuando han tenido responsabilidades de Estado. Dando por sentado que el Vaticano es un Estado y Espa\u00f1a otro, convendr\u00eda clarificar qu\u00e9 se puede hacer sin molestar al sentimiento mayoritario. Lo adecuado en un pa\u00eds aconfesional ser\u00eda que la religi\u00f3n se ense\u00f1ase en los templos o locales adecuados de ese entorno; no la confesi\u00f3n cat\u00f3lica, sino todas. Tengamos en cuenta qu\u00e9 suceder\u00eda si los casi dos millones de musulmanes que viven en Espa\u00f1a pidiesen el mismo trato que se dispensa al catolicismo. \u00bfA que la cosa levantar\u00eda ampollas? Con los jud\u00edos no hay problema, pues son cuatro mil y asumen su realidad como nadie, como bien ha demostrado la Historia. Tal vez, con el Papa que ha revolucionado la Iglesia, este asunto podr\u00eda abordarse ya.<\/p>\n<p><em>Publicado en El Norte de Castilla el 4 de marzo de 2015<\/em><\/p>\n","protected":false},"excerpt":{"rendered":"<p>La persona es incapaz de alcanzar por s\u00ed misma la felicidad. No lo digo yo, infeliz de m\u00ed, sino que est\u00e1 reflejado en parte del doctrinario del nuevo curr\u00edculo de la asignatura de Religi\u00f3n cat\u00f3lica que se aprob\u00f3 la semana pasada por el Gobierno. Los partidos de la oposici\u00f3n se han manifestado mayoritariamente en contra [&hellip;]<\/p>\n","protected":false},"author":8,"featured_media":0,"comment_status":"open","ping_status":"open","sticky":false,"template":"","format":"standard","meta":[],"categories":[3,8,11],"tags":[],"_links":{"self":[{"href":"https:\/\/blogs.elnortedecastilla.es\/robertocarbajal\/wp-json\/wp\/v2\/posts\/557"}],"collection":[{"href":"https:\/\/blogs.elnortedecastilla.es\/robertocarbajal\/wp-json\/wp\/v2\/posts"}],"about":[{"href":"https:\/\/blogs.elnortedecastilla.es\/robertocarbajal\/wp-json\/wp\/v2\/types\/post"}],"author":[{"embeddable":true,"href":"https:\/\/blogs.elnortedecastilla.es\/robertocarbajal\/wp-json\/wp\/v2\/users\/8"}],"replies":[{"embeddable":true,"href":"https:\/\/blogs.elnortedecastilla.es\/robertocarbajal\/wp-json\/wp\/v2\/comments?post=557"}],"version-history":[{"count":0,"href":"https:\/\/blogs.elnortedecastilla.es\/robertocarbajal\/wp-json\/wp\/v2\/posts\/557\/revisions"}],"wp:attachment":[{"href":"https:\/\/blogs.elnortedecastilla.es\/robertocarbajal\/wp-json\/wp\/v2\/media?parent=557"}],"wp:term":[{"taxonomy":"category","embeddable":true,"href":"https:\/\/blogs.elnortedecastilla.es\/robertocarbajal\/wp-json\/wp\/v2\/categories?post=557"},{"taxonomy":"post_tag","embeddable":true,"href":"https:\/\/blogs.elnortedecastilla.es\/robertocarbajal\/wp-json\/wp\/v2\/tags?post=557"}],"curies":[{"name":"wp","href":"https:\/\/api.w.org\/{rel}","templated":true}]}}