{"id":558,"date":"2015-03-11T19:19:21","date_gmt":"2015-03-11T18:19:21","guid":{"rendered":"http:\/\/blogs.elnortedecastilla.es\/robertocarbajal\/?p=558"},"modified":"2015-03-11T19:19:21","modified_gmt":"2015-03-11T18:19:21","slug":"el-tamano-importa-2","status":"publish","type":"post","link":"https:\/\/blogs.elnortedecastilla.es\/robertocarbajal\/2015\/03\/11\/el-tamano-importa-2\/","title":{"rendered":"El tama\u00f1o importa"},"content":{"rendered":"<p>Este Gobierno es de traca. Despu\u00e9s de haber sembrado de cad\u00e1veres el sector cultural, ahora ha filtrado que bajar\u00e1 el IVA de estas actividades del veintiuno actual hasta el 10%, como tributa el f\u00fatbol, considerado un bien de primera necesidad, como todo el mundo concluye. Sin su chute semanal de balompi\u00e9, esta sociedad maltrecha ser\u00eda ingobernable, y en vez de lanzar sus iras contra el \u00e1rbitro, lo har\u00edan contra los gobernantes, de ah\u00ed su utilidad p\u00fablica. Pero para llenar a\u00fan m\u00e1s los estadios, los clubes deber\u00edan obligar a sus jugadores a saltar a la cancha desnudos y con animadoras de la misma guisa correteando por las bandas, dedicando parte de sus actividades a masajear a los millonarios del deporte rey. Y es que el porno en Espa\u00f1a es m\u00e1s que un art\u00edculo de primera necesidad, a juzgar por el IVA del 4% con el que rinden cuentas ante Hacienda. Ense\u00f1ar los puntos cardinales del cuerpo humano tiene un valor a\u00f1adido incuestionable y adem\u00e1s educa. C\u00f3mo si no sabr\u00edamos d\u00f3nde radica el mapa de los parajes er\u00f3genos de nuestra anatom\u00eda; m\u00e1s a\u00fan, \u00bfacaso los actores porno no son mostrados como aut\u00e9nticos portentos sexuales? S\u00ed, parece que este tipo de atletismo merece la consideraci\u00f3n tributaria, porque adem\u00e1s forma, entretiene y haces amigos.<\/p>\n<p>Cientos de salas de cine han cerrado en Espa\u00f1a y en el sector cultural se han perdido miles de puestos de trabajo. Si Montoro, por motivos electorales, baja el impuesto a los &#8216;titiriteros&#8217; y les condona el castigo por apoyar a la izquierda, bienvenida sea la medida, aunque s\u00f3lo fuera por que el mundillo del arte se recupere de la cat\u00e1strofe. Las entradas del cine, el teatro o la m\u00fasica deber\u00edan ser sustituidas por la adquisici\u00f3n en taquilla de una revista pornogr\u00e1fica con Nacho Vidal o Rocco Sigfredi y sus  herramientas enhiestas en la portada. De ese modo, ver una peli tendr\u00eda un IVA inferior al de Francia (5,5%). C\u00f3mo no se les ha ocurrido antes. Hay que tratar de burlar al burl\u00f3n con la ley en la mano. En otros \u00e1mbitos, no; pero en \u00e9ste, vaya si el tama\u00f1o importa.<br \/>\n\u00a0<br \/>\n<em>Publicado en El Norte de Castilla el 11 de marzo de 2015<\/em><\/p>\n","protected":false},"excerpt":{"rendered":"<p>Este Gobierno es de traca. Despu\u00e9s de haber sembrado de cad\u00e1veres el sector cultural, ahora ha filtrado que bajar\u00e1 el IVA de estas actividades del veintiuno actual hasta el 10%, como tributa el f\u00fatbol, considerado un bien de primera necesidad, como todo el mundo concluye. Sin su chute semanal de balompi\u00e9, esta sociedad maltrecha ser\u00eda [&hellip;]<\/p>\n","protected":false},"author":8,"featured_media":0,"comment_status":"open","ping_status":"open","sticky":false,"template":"","format":"standard","meta":[],"categories":[3,8],"tags":[],"_links":{"self":[{"href":"https:\/\/blogs.elnortedecastilla.es\/robertocarbajal\/wp-json\/wp\/v2\/posts\/558"}],"collection":[{"href":"https:\/\/blogs.elnortedecastilla.es\/robertocarbajal\/wp-json\/wp\/v2\/posts"}],"about":[{"href":"https:\/\/blogs.elnortedecastilla.es\/robertocarbajal\/wp-json\/wp\/v2\/types\/post"}],"author":[{"embeddable":true,"href":"https:\/\/blogs.elnortedecastilla.es\/robertocarbajal\/wp-json\/wp\/v2\/users\/8"}],"replies":[{"embeddable":true,"href":"https:\/\/blogs.elnortedecastilla.es\/robertocarbajal\/wp-json\/wp\/v2\/comments?post=558"}],"version-history":[{"count":0,"href":"https:\/\/blogs.elnortedecastilla.es\/robertocarbajal\/wp-json\/wp\/v2\/posts\/558\/revisions"}],"wp:attachment":[{"href":"https:\/\/blogs.elnortedecastilla.es\/robertocarbajal\/wp-json\/wp\/v2\/media?parent=558"}],"wp:term":[{"taxonomy":"category","embeddable":true,"href":"https:\/\/blogs.elnortedecastilla.es\/robertocarbajal\/wp-json\/wp\/v2\/categories?post=558"},{"taxonomy":"post_tag","embeddable":true,"href":"https:\/\/blogs.elnortedecastilla.es\/robertocarbajal\/wp-json\/wp\/v2\/tags?post=558"}],"curies":[{"name":"wp","href":"https:\/\/api.w.org\/{rel}","templated":true}]}}