{"id":559,"date":"2015-03-18T19:29:15","date_gmt":"2015-03-18T18:29:15","guid":{"rendered":"http:\/\/blogs.elnortedecastilla.es\/robertocarbajal\/?p=559"},"modified":"2015-03-18T19:29:15","modified_gmt":"2015-03-18T18:29:15","slug":"cervantes-al-descubierto","status":"publish","type":"post","link":"https:\/\/blogs.elnortedecastilla.es\/robertocarbajal\/2015\/03\/18\/cervantes-al-descubierto\/","title":{"rendered":"Cervantes, al descubierto"},"content":{"rendered":"<p>Parece que la cripta del Convento de las Trinitarias guardaba los restos de Miguel de Cervantes y de su esposa, Catalina de Salazar. Pero esta historia no debe detenerse en ese punto. Los investigadores apuntan a que el escritor espa\u00f1ol fue enterrado en aquel lugar por deseo expreso del autor del Quijote. Sin embargo, el equipo t\u00e9cnico que se encarga del caso a\u00fan no ha podido determinar qui\u00e9n era de verdad Cervantes, al no haber aplicado las pruebas del ADN. Se abre ahora un periodo apasionante, si es que se quiere llegar al fondo de la cuesti\u00f3n. \u00bfEra Cervantes natural de Alcal\u00e1 de Henares o, como sostienen eruditos como Leandro Rodr\u00edguez, naci\u00f3 en un pueblo de Sanabria y era un jud\u00edo converso? Lo l\u00f3gico, si Espa\u00f1a fuese un pa\u00eds normal, ser\u00eda comenzar ahora a abrir ventanas y cerrar puertas. No se trata de comenzar una pugna por apropiarse de los despojos de don Miguel, sino determinar cu\u00e1les fueron sus or\u00edgenes. Seg\u00fan sostiene Rodr\u00edguez, en realidad hubo dos Miguel de Cervantes: uno nacido en Alcal\u00e1 y otro, en la susodicha regi\u00f3n zamorana. Basta darse una vuelta por los cementerios sanabreses para dar fe de la significativa cantidad de personas enterradas que portan los apellidos Cervantes y Saavedra. De hecho, existe un pueblo llamado Cervantes en el que se conserva lo que en la zona llaman la casa del escritor. Gracias al ADN, podr\u00edamos llegar a desenredar la trama que envuelve al rey de las letras espa\u00f1olas y asegurar si el Quijote discurre o no en parte por tierras sanabresas. Desentra\u00f1ar\u00edamos si la Mancha reflejada por Cervantes ten\u00eda que ver con una &#8216;mancha&#8217; por su condici\u00f3n jud\u00eda o si estaba refiri\u00e9ndose a La Mancha actual, algo que no est\u00e1 nada claro para quienes niegan el origen oficial cervantino. No deber\u00edamos quedarnos con la parte anecd\u00f3tica de la dataci\u00f3n de los huesos y su propiedad. Si hay que reescribir la Historia, pues bien; de lo contrario, nos quedar\u00edamos a medias y caer\u00edamos en el error de seguir alentando una pseudohistoria intolerable en los tiempos que corren. H\u00e1gase la luz.<br \/>\n\u00a0<br \/>\n<em>Publicado en El Norte de Castilla el 18 de marzo de 2015<\/em><\/p>\n","protected":false},"excerpt":{"rendered":"<p>Parece que la cripta del Convento de las Trinitarias guardaba los restos de Miguel de Cervantes y de su esposa, Catalina de Salazar. Pero esta historia no debe detenerse en ese punto. Los investigadores apuntan a que el escritor espa\u00f1ol fue enterrado en aquel lugar por deseo expreso del autor del Quijote. Sin embargo, el [&hellip;]<\/p>\n","protected":false},"author":8,"featured_media":0,"comment_status":"open","ping_status":"open","sticky":false,"template":"","format":"standard","meta":[],"categories":[3],"tags":[714,817,999],"_links":{"self":[{"href":"https:\/\/blogs.elnortedecastilla.es\/robertocarbajal\/wp-json\/wp\/v2\/posts\/559"}],"collection":[{"href":"https:\/\/blogs.elnortedecastilla.es\/robertocarbajal\/wp-json\/wp\/v2\/posts"}],"about":[{"href":"https:\/\/blogs.elnortedecastilla.es\/robertocarbajal\/wp-json\/wp\/v2\/types\/post"}],"author":[{"embeddable":true,"href":"https:\/\/blogs.elnortedecastilla.es\/robertocarbajal\/wp-json\/wp\/v2\/users\/8"}],"replies":[{"embeddable":true,"href":"https:\/\/blogs.elnortedecastilla.es\/robertocarbajal\/wp-json\/wp\/v2\/comments?post=559"}],"version-history":[{"count":0,"href":"https:\/\/blogs.elnortedecastilla.es\/robertocarbajal\/wp-json\/wp\/v2\/posts\/559\/revisions"}],"wp:attachment":[{"href":"https:\/\/blogs.elnortedecastilla.es\/robertocarbajal\/wp-json\/wp\/v2\/media?parent=559"}],"wp:term":[{"taxonomy":"category","embeddable":true,"href":"https:\/\/blogs.elnortedecastilla.es\/robertocarbajal\/wp-json\/wp\/v2\/categories?post=559"},{"taxonomy":"post_tag","embeddable":true,"href":"https:\/\/blogs.elnortedecastilla.es\/robertocarbajal\/wp-json\/wp\/v2\/tags?post=559"}],"curies":[{"name":"wp","href":"https:\/\/api.w.org\/{rel}","templated":true}]}}