{"id":560,"date":"2015-03-17T17:03:48","date_gmt":"2015-03-17T16:03:48","guid":{"rendered":"http:\/\/blogs.elnortedecastilla.es\/robertocarbajal\/?p=560"},"modified":"2015-03-17T17:03:48","modified_gmt":"2015-03-17T16:03:48","slug":"muere-juan-claudio-cifuentes-cifu-la-voz-del-jazz-en-espana","status":"publish","type":"post","link":"https:\/\/blogs.elnortedecastilla.es\/robertocarbajal\/2015\/03\/17\/muere-juan-claudio-cifuentes-cifu-la-voz-del-jazz-en-espana\/","title":{"rendered":"Muere Juan Claudio Cifuentes, &#039;Cifu&#039;, la voz del jazz en Espa\u00f1a"},"content":{"rendered":"<p><a href=\"\/robertocarbajal\/wp-content\/uploads\/sites\/6\/2015\/03\/Cifuentes-noticia1.jpg\"><img loading=\"lazy\" src=\"\/robertocarbajal\/wp-content\/uploads\/sites\/6\/2015\/03\/Cifuentes-noticia1.jpg\" alt=\"\" title=\"Cifuentes-noticia1\" width=\"578\" height=\"324\" class=\"aligncenter size-full wp-image-561\" srcset=\"https:\/\/static-blogs.elnortedecastilla.es\/wp-content\/uploads\/sites\/6\/2015\/03\/Cifuentes-noticia1.jpg 578w, https:\/\/static-blogs.elnortedecastilla.es\/wp-content\/uploads\/sites\/6\/2015\/03\/Cifuentes-noticia1-300x168.jpg 300w\" sizes=\"(max-width: 578px) 100vw, 578px\" \/><\/a><br \/>\nNos ha dejado Cifu, &#8220;Cifu para los amigos, es decir, todos vosotros&#8221;, como sol\u00eda decir en sus impagables programas sobre el jazz, Jazz porque s\u00ed. Gracias a \u00e9l y su incomparable conocimiento sobre este g\u00e9nero musical, los espa\u00f1oles conocimos la amplia variedad jazz\u00edstica mundial. Su voz evocadora y envolvente marc\u00f3 a varias generaciones de aficionados, que encontraron en \u00e9l a un aut\u00e9ntico apasionado del jazz y de las ondas. Su sitio quedar\u00e1 vac\u00edo y no hay sustituto posible para la atm\u00f3sfera que s\u00f3lo \u00e9l fue capaz de generar.<\/p>\n<p>Ya s\u00f3lo nos quedar\u00e1n sus podcasts, las grabaciones que cada uno ha ido atesorando a lo largo de los a\u00f1os y los irrepetibles momentos que, a trav\u00e9s de RNE Cl\u00e1sica, nos hizo amar a este tipo de m\u00fasica grandiosa.<\/p>\n<p>DEP.<\/p>\n","protected":false},"excerpt":{"rendered":"<p>Nos ha dejado Cifu, &#8220;Cifu para los amigos, es decir, todos vosotros&#8221;, como sol\u00eda decir en sus impagables programas sobre el jazz, Jazz porque s\u00ed. Gracias a \u00e9l y su incomparable conocimiento sobre este g\u00e9nero musical, los espa\u00f1oles conocimos la amplia variedad jazz\u00edstica mundial. Su voz evocadora y envolvente marc\u00f3 a varias generaciones de aficionados, [&hellip;]<\/p>\n","protected":false},"author":8,"featured_media":0,"comment_status":"open","ping_status":"open","sticky":false,"template":"","format":"standard","meta":[],"categories":[3],"tags":[],"_links":{"self":[{"href":"https:\/\/blogs.elnortedecastilla.es\/robertocarbajal\/wp-json\/wp\/v2\/posts\/560"}],"collection":[{"href":"https:\/\/blogs.elnortedecastilla.es\/robertocarbajal\/wp-json\/wp\/v2\/posts"}],"about":[{"href":"https:\/\/blogs.elnortedecastilla.es\/robertocarbajal\/wp-json\/wp\/v2\/types\/post"}],"author":[{"embeddable":true,"href":"https:\/\/blogs.elnortedecastilla.es\/robertocarbajal\/wp-json\/wp\/v2\/users\/8"}],"replies":[{"embeddable":true,"href":"https:\/\/blogs.elnortedecastilla.es\/robertocarbajal\/wp-json\/wp\/v2\/comments?post=560"}],"version-history":[{"count":0,"href":"https:\/\/blogs.elnortedecastilla.es\/robertocarbajal\/wp-json\/wp\/v2\/posts\/560\/revisions"}],"wp:attachment":[{"href":"https:\/\/blogs.elnortedecastilla.es\/robertocarbajal\/wp-json\/wp\/v2\/media?parent=560"}],"wp:term":[{"taxonomy":"category","embeddable":true,"href":"https:\/\/blogs.elnortedecastilla.es\/robertocarbajal\/wp-json\/wp\/v2\/categories?post=560"},{"taxonomy":"post_tag","embeddable":true,"href":"https:\/\/blogs.elnortedecastilla.es\/robertocarbajal\/wp-json\/wp\/v2\/tags?post=560"}],"curies":[{"name":"wp","href":"https:\/\/api.w.org\/{rel}","templated":true}]}}