{"id":567,"date":"2015-04-01T16:36:49","date_gmt":"2015-04-01T15:36:49","guid":{"rendered":"http:\/\/blogs.elnortedecastilla.es\/robertocarbajal\/?p=567"},"modified":"2015-04-01T16:36:49","modified_gmt":"2015-04-01T15:36:49","slug":"excesos-semanasanteros","status":"publish","type":"post","link":"https:\/\/blogs.elnortedecastilla.es\/robertocarbajal\/2015\/04\/01\/excesos-semanasanteros\/","title":{"rendered":"Excesos semanasanteros"},"content":{"rendered":"<p>En Semana Santa da gusto: casi todo el mundo gana algo. Pero pierde la ley y quienes la acatan. Es fant\u00e1stico que corra el dinero, que la gente conozca esa faceta de la cultura espa\u00f1ola, que los vanidosos presuman de ser alguien esos d\u00edas del a\u00f1o y que a la gente se la vea feliz y orgullosa de su patrimonio. Pero hasta aqu\u00ed, porque todo lo dem\u00e1s roza el desmadre. Hay una serie de comportamientos que deben ser corregidos de inmediato. Ejemplos hay de sobra, as\u00ed que citemos los m\u00e1s chirriantes. La ley regula cu\u00e1ndo hay que interpretar el himno nacional, as\u00ed que no hay raz\u00f3n para que suene esa partitura durante la entrada o la salida de un grupo escult\u00f3rico, bien sea un cristo o una virgen. Si hay que honrar con m\u00fasica desde la libertad religiosa a una de esas figuras de culto, qu\u00e9 mejor que suene el himno del Vaticano, que es el representante de Dios en la Tierra. Podr\u00edamos ser m\u00e1s estrictos y pedir el de la Palestina de la dominaci\u00f3n romana, que es de donde proceden los acontecimientos, aunque en aquellos d\u00edas no hab\u00eda himnos, sino sablazos; as\u00ed que con el del Vaticano, vamos sobrados.<\/p>\n<p>Otro aspecto que resulta estridente es la forma en que los representantes p\u00fablicos rinden pleites\u00eda a esos cristos y v\u00edrgenes. No olvidemos que oficial y legalmente Espa\u00f1a es un pa\u00eds aconfesional; es decir, no existe una religi\u00f3n oficial del Estado, como en tiempos de cuya \u00e9poca no quiero acordarme. En todo el pa\u00eds vemos durante estos d\u00edas a alcaldes que piden a Jes\u00fas de Nazaret trabajo para quienes no lo tienen o la paz en el mundo, un discurso que recuerda mucho a las declaraciones de las &#8216;misses&#8217;. Esos mismos alcaldes o concejales, o los elegidos por los variopintos gobiernos del Estado, tambi\u00e9n se prodigan durante los desfiles, acompa\u00f1ando a las autoridades religiosas y a las figuras que procesionan. Un tercer aspecto de la estridencia lo conforma el concurso de las fuerzas y cuerpos de seguridad. No s\u00e9 que demonios pintan militares y polic\u00edas escoltando a los grupos escult\u00f3ricos. Con sinceridad: no entiendo nada.<br \/>\n\u00a0<br \/>\n<em>Publicado en El Norte de Castilla el 1 de abril de 2015<\/em><\/p>\n","protected":false},"excerpt":{"rendered":"<p>En Semana Santa da gusto: casi todo el mundo gana algo. Pero pierde la ley y quienes la acatan. Es fant\u00e1stico que corra el dinero, que la gente conozca esa faceta de la cultura espa\u00f1ola, que los vanidosos presuman de ser alguien esos d\u00edas del a\u00f1o y que a la gente se la vea feliz [&hellip;]<\/p>\n","protected":false},"author":8,"featured_media":0,"comment_status":"open","ping_status":"open","sticky":false,"template":"","format":"standard","meta":[],"categories":[3,8,11],"tags":[],"_links":{"self":[{"href":"https:\/\/blogs.elnortedecastilla.es\/robertocarbajal\/wp-json\/wp\/v2\/posts\/567"}],"collection":[{"href":"https:\/\/blogs.elnortedecastilla.es\/robertocarbajal\/wp-json\/wp\/v2\/posts"}],"about":[{"href":"https:\/\/blogs.elnortedecastilla.es\/robertocarbajal\/wp-json\/wp\/v2\/types\/post"}],"author":[{"embeddable":true,"href":"https:\/\/blogs.elnortedecastilla.es\/robertocarbajal\/wp-json\/wp\/v2\/users\/8"}],"replies":[{"embeddable":true,"href":"https:\/\/blogs.elnortedecastilla.es\/robertocarbajal\/wp-json\/wp\/v2\/comments?post=567"}],"version-history":[{"count":0,"href":"https:\/\/blogs.elnortedecastilla.es\/robertocarbajal\/wp-json\/wp\/v2\/posts\/567\/revisions"}],"wp:attachment":[{"href":"https:\/\/blogs.elnortedecastilla.es\/robertocarbajal\/wp-json\/wp\/v2\/media?parent=567"}],"wp:term":[{"taxonomy":"category","embeddable":true,"href":"https:\/\/blogs.elnortedecastilla.es\/robertocarbajal\/wp-json\/wp\/v2\/categories?post=567"},{"taxonomy":"post_tag","embeddable":true,"href":"https:\/\/blogs.elnortedecastilla.es\/robertocarbajal\/wp-json\/wp\/v2\/tags?post=567"}],"curies":[{"name":"wp","href":"https:\/\/api.w.org\/{rel}","templated":true}]}}