{"id":568,"date":"2015-04-08T19:07:25","date_gmt":"2015-04-08T18:07:25","guid":{"rendered":"http:\/\/blogs.elnortedecastilla.es\/robertocarbajal\/?p=568"},"modified":"2015-04-08T19:07:25","modified_gmt":"2015-04-08T18:07:25","slug":"jovenes-y-poder","status":"publish","type":"post","link":"https:\/\/blogs.elnortedecastilla.es\/robertocarbajal\/2015\/04\/08\/jovenes-y-poder\/","title":{"rendered":"J\u00f3venes y poder"},"content":{"rendered":"<p>Los j\u00f3venes han dicho basta. Las encuestas que maneja el CIS lo dejan claro: s\u00f3lo un tres y seis por ciento respectivamente votar\u00edan al PP y al PSOE en la franja comprendida entre los dieciocho y los veinticuatro a\u00f1os. Esta tendencia se ve\u00eda venir desde hac\u00eda tiempo. \u00bfQu\u00e9 han hecho estos dos partidos para granjearse la simpat\u00eda de este grupo ciudadano? Empeorar las cosas a\u00fan m\u00e1s. Siempre nos pareci\u00f3 que los j\u00f3venes pasaban de la pol\u00edtica y que estaban a sus asuntos; ya saben, los m\u00f3viles, las redes, la eclosi\u00f3n hormonal y todos los t\u00f3picos que queramos a\u00f1adir. Pero mientras los adultos que manejaban y mangoneaban la pol\u00edtica en Espa\u00f1a renegaban de la juventud, \u00e9sta comenz\u00f3 a generar un pensamiento propio y a despegarse de las clases dirigentes tradicionales, que se han mostrado incapaces de resolver el futuro juvenil y de cortar de ra\u00edz sus esperanzas. Y es en este punto en el que les chirr\u00eda la actitud y la aptitud para organizarse y plantar cara a los Rajoy, S\u00e1nchez y el resto de lo que llaman casta. Es cierto que la mayor\u00eda de las propuestas de partidos como Podemos, al que la gente joven va a votar en masa en las elecciones que se celebrar\u00e1n a lo largo del a\u00f1o, son utop\u00eda pura y dura, dado que la pol\u00edtica real en el contexto mundial en el que nos desenvolvemos pone a cada uno en su sitio y los pies en el suelo. Pero el desaf\u00edo al bipartidismo es un hecho. Los partidos pol\u00edticos todopoderosos son una realidad, aunque pronto podr\u00edan ser historia. Durante la primera Transici\u00f3n se les dot\u00f3 del control total, y comenzaron a ense\u00f1orearse de las instituciones, provocando una mezcla impresentable entre los tres poderes del Estado, colocando a dedo a los afines y desencantando a todo el mundo. Ha pervertido la democracia y, da\u00f1ando las instituciones, han sembrado de descr\u00e9dito el campo que pertenec\u00eda al pueblo. Los cambalaches tocan a su fin. Cuando comience a caer en las urnas la hegemon\u00eda de los de siempre, es posible que algo empiece a cambiar. Mientras tanto, esta gente seguir\u00e1 anclada en el aturdimiento.<\/p>\n<p><em>Publicado en El Norte de Castilla el 8 de abril de 2015<\/em><\/p>\n","protected":false},"excerpt":{"rendered":"<p>Los j\u00f3venes han dicho basta. Las encuestas que maneja el CIS lo dejan claro: s\u00f3lo un tres y seis por ciento respectivamente votar\u00edan al PP y al PSOE en la franja comprendida entre los dieciocho y los veinticuatro a\u00f1os. Esta tendencia se ve\u00eda venir desde hac\u00eda tiempo. \u00bfQu\u00e9 han hecho estos dos partidos para granjearse [&hellip;]<\/p>\n","protected":false},"author":8,"featured_media":0,"comment_status":"open","ping_status":"open","sticky":false,"template":"","format":"standard","meta":[],"categories":[3,8],"tags":[],"_links":{"self":[{"href":"https:\/\/blogs.elnortedecastilla.es\/robertocarbajal\/wp-json\/wp\/v2\/posts\/568"}],"collection":[{"href":"https:\/\/blogs.elnortedecastilla.es\/robertocarbajal\/wp-json\/wp\/v2\/posts"}],"about":[{"href":"https:\/\/blogs.elnortedecastilla.es\/robertocarbajal\/wp-json\/wp\/v2\/types\/post"}],"author":[{"embeddable":true,"href":"https:\/\/blogs.elnortedecastilla.es\/robertocarbajal\/wp-json\/wp\/v2\/users\/8"}],"replies":[{"embeddable":true,"href":"https:\/\/blogs.elnortedecastilla.es\/robertocarbajal\/wp-json\/wp\/v2\/comments?post=568"}],"version-history":[{"count":0,"href":"https:\/\/blogs.elnortedecastilla.es\/robertocarbajal\/wp-json\/wp\/v2\/posts\/568\/revisions"}],"wp:attachment":[{"href":"https:\/\/blogs.elnortedecastilla.es\/robertocarbajal\/wp-json\/wp\/v2\/media?parent=568"}],"wp:term":[{"taxonomy":"category","embeddable":true,"href":"https:\/\/blogs.elnortedecastilla.es\/robertocarbajal\/wp-json\/wp\/v2\/categories?post=568"},{"taxonomy":"post_tag","embeddable":true,"href":"https:\/\/blogs.elnortedecastilla.es\/robertocarbajal\/wp-json\/wp\/v2\/tags?post=568"}],"curies":[{"name":"wp","href":"https:\/\/api.w.org\/{rel}","templated":true}]}}