{"id":569,"date":"2015-04-16T18:13:51","date_gmt":"2015-04-16T17:13:51","guid":{"rendered":"http:\/\/blogs.elnortedecastilla.es\/robertocarbajal\/?p=569"},"modified":"2015-04-16T18:13:51","modified_gmt":"2015-04-16T17:13:51","slug":"cuba-ano-cero","status":"publish","type":"post","link":"https:\/\/blogs.elnortedecastilla.es\/robertocarbajal\/2015\/04\/16\/cuba-ano-cero\/","title":{"rendered":"Cuba, a\u00f1o cero"},"content":{"rendered":"<p>Aunque no conviene lanzar las campanas al vuelo, los cubanos tienen motivos para estar ilusionados. El deshielo establecido entre Estados Unidos y la isla, bajo el auspicio del papa Francisco, no puede menos que ilusionar al pa\u00eds caribe\u00f1o y, por extensi\u00f3n, tambi\u00e9n al resto del mundo, sobre todo a nosotros, los espa\u00f1oles. Cuba ya no es una amenaza para la seguridad estadounidense, a la par que la Administraci\u00f3n Obama ya no considera al basti\u00f3n comunista como uno de los lugares del mundo en el que se entrena a terroristas. Quiz\u00e1 el principal escollo para el proceso que acaba de abrirse provenga m\u00e1s de la mayor\u00eda republicana en el Congreso americano que del inmovilismo de la \u2018nomenklatura\u2019 cubana. El t\u00edmido paquete de cambios producido hasta ahora, que abri\u00f3 el mel\u00f3n de la propiedad privada (hasta donde puede extenderse el t\u00e9rmino en una dictadura como la caribe\u00f1a), es tan solo un bosquejo de lo que a\u00fan est\u00e1 por llegar. Hace a\u00f1os la titular de la cartera de Comercio cubana viaj\u00f3 a Vietnam para conocer de primera mano c\u00f3mo el pa\u00eds asi\u00e1tico implant\u00f3 un sistema pragm\u00e1tico a imagen y semejanza del que funciona (y c\u00f3mo) en China. Salvando las diferencias de mentalidades entre unas naciones y otras, en Cuba se inicia un proceso que ser\u00e1 tortuoso, del que se pretende que las diferencias en esta liza no se conviertan en un obst\u00e1culo para el plan trazado entre los dos pa\u00edses. Espa\u00f1a podr\u00eda convertirse en un \u00e1rbitro imprescindible para completar el deshielo, aunque nuestro servicio exterior no tenga un plan claro en este asunto; todo lo m\u00e1s, la ampliaci\u00f3n de las inversiones, puesto que, hasta la fecha, el ministerio que dirige Garc\u00eda-Margallo se comporta m\u00e1s como un comparsa que como la representaci\u00f3n diplom\u00e1tica de un pa\u00eds soberano.<\/p>\n<p>Los cubanos son una naci\u00f3n creativa, por necesidad, claro est\u00e1, as\u00ed que las expectativas de futuro para las nuevas generaciones no pueden ser m\u00e1s que ilusionantes. Cuba: un pa\u00eds, dos sistemas; Cuba, \u00bfla China de Am\u00e9rica Latina? Espa\u00f1a, \u00bflos pardillos de siempre? Comienza el juego.<\/p>\n<p><em>Publicado en El Norte de Castilla el 15 de abril de 2015<\/em><\/p>\n","protected":false},"excerpt":{"rendered":"<p>Aunque no conviene lanzar las campanas al vuelo, los cubanos tienen motivos para estar ilusionados. El deshielo establecido entre Estados Unidos y la isla, bajo el auspicio del papa Francisco, no puede menos que ilusionar al pa\u00eds caribe\u00f1o y, por extensi\u00f3n, tambi\u00e9n al resto del mundo, sobre todo a nosotros, los espa\u00f1oles. Cuba ya no [&hellip;]<\/p>\n","protected":false},"author":8,"featured_media":0,"comment_status":"open","ping_status":"open","sticky":false,"template":"","format":"standard","meta":[],"categories":[3,8],"tags":[311],"_links":{"self":[{"href":"https:\/\/blogs.elnortedecastilla.es\/robertocarbajal\/wp-json\/wp\/v2\/posts\/569"}],"collection":[{"href":"https:\/\/blogs.elnortedecastilla.es\/robertocarbajal\/wp-json\/wp\/v2\/posts"}],"about":[{"href":"https:\/\/blogs.elnortedecastilla.es\/robertocarbajal\/wp-json\/wp\/v2\/types\/post"}],"author":[{"embeddable":true,"href":"https:\/\/blogs.elnortedecastilla.es\/robertocarbajal\/wp-json\/wp\/v2\/users\/8"}],"replies":[{"embeddable":true,"href":"https:\/\/blogs.elnortedecastilla.es\/robertocarbajal\/wp-json\/wp\/v2\/comments?post=569"}],"version-history":[{"count":0,"href":"https:\/\/blogs.elnortedecastilla.es\/robertocarbajal\/wp-json\/wp\/v2\/posts\/569\/revisions"}],"wp:attachment":[{"href":"https:\/\/blogs.elnortedecastilla.es\/robertocarbajal\/wp-json\/wp\/v2\/media?parent=569"}],"wp:term":[{"taxonomy":"category","embeddable":true,"href":"https:\/\/blogs.elnortedecastilla.es\/robertocarbajal\/wp-json\/wp\/v2\/categories?post=569"},{"taxonomy":"post_tag","embeddable":true,"href":"https:\/\/blogs.elnortedecastilla.es\/robertocarbajal\/wp-json\/wp\/v2\/tags?post=569"}],"curies":[{"name":"wp","href":"https:\/\/api.w.org\/{rel}","templated":true}]}}