{"id":571,"date":"2015-04-30T11:33:14","date_gmt":"2015-04-30T10:33:14","guid":{"rendered":"http:\/\/blogs.elnortedecastilla.es\/robertocarbajal\/?p=571"},"modified":"2015-04-30T11:33:14","modified_gmt":"2015-04-30T10:33:14","slug":"la-linea-de-675","status":"publish","type":"post","link":"https:\/\/blogs.elnortedecastilla.es\/robertocarbajal\/2015\/04\/30\/la-linea-de-675\/","title":{"rendered":"La l\u00ednea de 6,75"},"content":{"rendered":"<p>Pedro S\u00e1nchez no acaba de convencer. Cuanto m\u00e1s pasean a este exjugador de baloncesto, su inconsistencia queda al descubierto. Sus palabras y el rictus de su rostro no encajan. A esto hay que sumarle que no deja de hablar de los nuevos partidos que est\u00e1n socavando su l\u00ednea de flotaci\u00f3n. Desconozco qui\u00e9nes est\u00e1n asesor\u00e1ndole, pero cuando se le contempla en los m\u00edtines sufres un ataque de verg\u00fcenza ajena. A\u00fan no sabemos si ser\u00e1 \u00e9l quien encabece la lista en las elecciones generales de este a\u00f1o, lo que a\u00f1ade m\u00e1s incertidumbre de cara a votar su opci\u00f3n o apostar por otras ofertas de la izquierda. En realidad, lo que tambi\u00e9n est\u00e1 en juego es la subsistencia de la socialdemocracia, tan necesaria para que el Estado de derecho y las pol\u00edticas sociales tengan continuidad, frente al af\u00e1n privatizador de los partidos conservadores. As\u00ed que el PSOE debe tomarse una pausa, sentarse y reflexionar. De entrada, deben despejar la duda de si S\u00e1nchez ser\u00e1 el aspirante a sentarse en el sill\u00f3n del Palacio de la Moncloa, porque la situaci\u00f3n actual por la que atraviesan los socialistas es desoladora. No se trata de masacrar al secretario general del partido, pero la incertidumbre sobre su liderazgo tambi\u00e9n est\u00e1 pas\u00e1ndole factura a la esperanza del centro-izquierda.<\/p>\n<p>Desenterrar a Felipe Gonz\u00e1lez como candidato tampoco es una opci\u00f3n, aunque a muchos de mi generaci\u00f3n no les importar\u00eda, para qu\u00e9 vamos a enga\u00f1arnos. El expresidente satisfar\u00eda a los dichosos mercados, porque es un tipo con un prestigio internacional indudable. La realidad es mostrenca: un partido no puede presentarse ante los electores sin tener claro qui\u00e9n encabezar\u00e1 la lista para gobernar, habida cuenta de que estamos a pocos meses de las elecciones generales. El presidente Rajoy no descarta adelantarlas, porque lo ha anunciado anteayer y porque este hombre es imprevisible, todo lo contrario de lo que \u00e9l proclama siempre. As\u00ed que Pedro S\u00e1nchez necesita un milagro, aunque no crea en ellos. Que lance unos triples desde la l\u00ednea de 6,75, antes de que suene la bocina.<br \/>\n\u00a0<br \/>\n<em>Publicado en El Norte de Castilla el 29 de abril de 2015<\/em><\/p>\n","protected":false},"excerpt":{"rendered":"<p>Pedro S\u00e1nchez no acaba de convencer. Cuanto m\u00e1s pasean a este exjugador de baloncesto, su inconsistencia queda al descubierto. Sus palabras y el rictus de su rostro no encajan. A esto hay que sumarle que no deja de hablar de los nuevos partidos que est\u00e1n socavando su l\u00ednea de flotaci\u00f3n. Desconozco qui\u00e9nes est\u00e1n asesor\u00e1ndole, pero [&hellip;]<\/p>\n","protected":false},"author":8,"featured_media":0,"comment_status":"open","ping_status":"open","sticky":false,"template":"","format":"standard","meta":[],"categories":[3,8],"tags":[],"_links":{"self":[{"href":"https:\/\/blogs.elnortedecastilla.es\/robertocarbajal\/wp-json\/wp\/v2\/posts\/571"}],"collection":[{"href":"https:\/\/blogs.elnortedecastilla.es\/robertocarbajal\/wp-json\/wp\/v2\/posts"}],"about":[{"href":"https:\/\/blogs.elnortedecastilla.es\/robertocarbajal\/wp-json\/wp\/v2\/types\/post"}],"author":[{"embeddable":true,"href":"https:\/\/blogs.elnortedecastilla.es\/robertocarbajal\/wp-json\/wp\/v2\/users\/8"}],"replies":[{"embeddable":true,"href":"https:\/\/blogs.elnortedecastilla.es\/robertocarbajal\/wp-json\/wp\/v2\/comments?post=571"}],"version-history":[{"count":0,"href":"https:\/\/blogs.elnortedecastilla.es\/robertocarbajal\/wp-json\/wp\/v2\/posts\/571\/revisions"}],"wp:attachment":[{"href":"https:\/\/blogs.elnortedecastilla.es\/robertocarbajal\/wp-json\/wp\/v2\/media?parent=571"}],"wp:term":[{"taxonomy":"category","embeddable":true,"href":"https:\/\/blogs.elnortedecastilla.es\/robertocarbajal\/wp-json\/wp\/v2\/categories?post=571"},{"taxonomy":"post_tag","embeddable":true,"href":"https:\/\/blogs.elnortedecastilla.es\/robertocarbajal\/wp-json\/wp\/v2\/tags?post=571"}],"curies":[{"name":"wp","href":"https:\/\/api.w.org\/{rel}","templated":true}]}}