{"id":574,"date":"2015-05-20T19:08:40","date_gmt":"2015-05-20T18:08:40","guid":{"rendered":"http:\/\/blogs.elnortedecastilla.es\/robertocarbajal\/?p=574"},"modified":"2015-05-20T19:08:40","modified_gmt":"2015-05-20T18:08:40","slug":"extravagancia-electoral","status":"publish","type":"post","link":"https:\/\/blogs.elnortedecastilla.es\/robertocarbajal\/2015\/05\/20\/extravagancia-electoral\/","title":{"rendered":"Extravagancia electoral"},"content":{"rendered":"<p>Lo mejor de esta campa\u00f1a pol\u00edtica es que est\u00e1 a punto de concluir. Lo peor, todo lo dem\u00e1s. Nos ha quedado claro que para las elecciones municipales todos los partidos han prometido hacer que las vidas de la gente sean mejores, pero no han explicado c\u00f3mo. Son estos unos comicios a los que concurre la mayor oferta desde nuestra peque\u00f1a historia democr\u00e1tica, as\u00ed que el aturdimiento ante tanto producto tiene fuera de s\u00ed a los electores. A pesar de la variedad de tanta charlataner\u00eda, se siguen reproduciendo los cl\u00e1sicos estilos y tics de siempre. Nunca he comprendido por qu\u00e9 hay individuos que llevan a sus ni\u00f1os para que el pol\u00edtico de turno los bese. Qu\u00e9 pasa por la cabeza de estas personas. \u00bfAcaso se lo ofrecen en sacrificio, como suced\u00eda en la antig\u00fcedad? Estos peque\u00f1os estar\u00e1n marcados para siempre con tanto \u00f3sculo. Las videotecas guardar\u00e1n para siempre ese momento y el ni\u00f1o, cuando crezca, ver\u00e1 con horror c\u00f3mo Esperanza Aguirre le planta un beso y le mesa el cabello a modo de recuerdo, porque el pol\u00edtico se queda con todo lo que encuentra a su paso. La gente debe de pensar que el candidato a gobernar es una especie de cham\u00e1n o un mago que sacar\u00e1 dos futuros venturosos de la chistera. Tambi\u00e9n hemos descubierto que los pol\u00edticos comen, y c\u00f3mo. Se retratan comiendo paella a dos carrillos tratando de convencer a las personas de buena fe que se alimentan como el resto. Pues claro. \u00bfY los que se pasean en bicicleta por las ciudades, intentando convencernos de que apuestan por la sostenibilidad y la vida sana? Ellos siempre se desplazan en coche oficial; al menos, si lo hiciesen en bici habitualmente tendr\u00eda alg\u00fan sentido, pero hay culos de mal asiento y el de las dos ruedas es bastante inc\u00f3modo, la verdad. De lo que no cabe la menor duda es que el pr\u00f3ximo domingo y los d\u00edas que est\u00e1n por venir contemplaremos la constataci\u00f3n de la falta de ideas concretas y que la vaguedad de la mezcolanza de los mensajes lanzados durante estos d\u00edas tan solo van a proporcionar un arco pol\u00edtico que no habr\u00e1 dios que case.<br \/>\n\u00a0<br \/>\n<em>Publicado en El Norte de Castilla el 20 de mayo de 2015<\/em><\/p>\n","protected":false},"excerpt":{"rendered":"<p>Lo mejor de esta campa\u00f1a pol\u00edtica es que est\u00e1 a punto de concluir. Lo peor, todo lo dem\u00e1s. Nos ha quedado claro que para las elecciones municipales todos los partidos han prometido hacer que las vidas de la gente sean mejores, pero no han explicado c\u00f3mo. Son estos unos comicios a los que concurre la [&hellip;]<\/p>\n","protected":false},"author":8,"featured_media":0,"comment_status":"open","ping_status":"open","sticky":false,"template":"","format":"standard","meta":[],"categories":[3,8],"tags":[],"_links":{"self":[{"href":"https:\/\/blogs.elnortedecastilla.es\/robertocarbajal\/wp-json\/wp\/v2\/posts\/574"}],"collection":[{"href":"https:\/\/blogs.elnortedecastilla.es\/robertocarbajal\/wp-json\/wp\/v2\/posts"}],"about":[{"href":"https:\/\/blogs.elnortedecastilla.es\/robertocarbajal\/wp-json\/wp\/v2\/types\/post"}],"author":[{"embeddable":true,"href":"https:\/\/blogs.elnortedecastilla.es\/robertocarbajal\/wp-json\/wp\/v2\/users\/8"}],"replies":[{"embeddable":true,"href":"https:\/\/blogs.elnortedecastilla.es\/robertocarbajal\/wp-json\/wp\/v2\/comments?post=574"}],"version-history":[{"count":0,"href":"https:\/\/blogs.elnortedecastilla.es\/robertocarbajal\/wp-json\/wp\/v2\/posts\/574\/revisions"}],"wp:attachment":[{"href":"https:\/\/blogs.elnortedecastilla.es\/robertocarbajal\/wp-json\/wp\/v2\/media?parent=574"}],"wp:term":[{"taxonomy":"category","embeddable":true,"href":"https:\/\/blogs.elnortedecastilla.es\/robertocarbajal\/wp-json\/wp\/v2\/categories?post=574"},{"taxonomy":"post_tag","embeddable":true,"href":"https:\/\/blogs.elnortedecastilla.es\/robertocarbajal\/wp-json\/wp\/v2\/tags?post=574"}],"curies":[{"name":"wp","href":"https:\/\/api.w.org\/{rel}","templated":true}]}}