{"id":575,"date":"2015-05-28T08:07:03","date_gmt":"2015-05-28T07:07:03","guid":{"rendered":"http:\/\/blogs.elnortedecastilla.es\/robertocarbajal\/?p=575"},"modified":"2015-05-28T08:07:03","modified_gmt":"2015-05-28T07:07:03","slug":"el-deseo","status":"publish","type":"post","link":"https:\/\/blogs.elnortedecastilla.es\/robertocarbajal\/2015\/05\/28\/el-deseo\/","title":{"rendered":"El deseo"},"content":{"rendered":"<p>No anheles algo insistentemente, no vaya a ser que se cumpla. Y se cumpli\u00f3. Cospedal y Aguirre pidieron hace tiempo a los indignados del 15M que si quer\u00edan hacer pol\u00edtica que se presentaran a las elecciones, y no que lanzasen proclamas desde la Puerta del Sol. Pues lo hicieron; petici\u00f3n satisfecha. Desde aquellos hist\u00f3ricos d\u00edas hasta hoy muchas cosas han cambiado en Espa\u00f1a. Aquellos a quienes bautizaron como &#8216;perroflautas&#8217; tomaron conciencia, se organizaron y crearon un par de partidos pol\u00edticos. Se presentaron a las elecciones europeas y obtuvieron un buen resultado. El domingo concurrieron a las municipales y auton\u00f3micas y lo cambiaron absolutamente todo. El panorama del bipartidismo languideci\u00f3 y dirigentes hist\u00f3ricos e histri\u00f3nicos han sido despojados de sus poltronas. Mariano Rajoy, a\u00fan presidente del Gobierno, compareci\u00f3 al d\u00eda siguiente de la debacle de su partido, para reflexionar en voz alta, y en carne y hueso. Achac\u00f3 los resultados al desgaste de gobernar y, en menor grado, a la corrupci\u00f3n. Compar\u00f3 la situaci\u00f3n con el cambio que se produjo en los Estados Unidos con la llegada de Reagan y la coronaci\u00f3n de Mitterrand. Qu\u00e9 cosas hay que o\u00edr. No ha comprendido nada o, al menos, eso quiere dar a entender. Los recortes y la situaci\u00f3n econ\u00f3mica han sido determinantes, eso no lo duda nadie, pero el hartazgo de contemplar la corruptela en todas las instituciones del Estado no es un asunto balad\u00ed. La gente desempleada o quienes no atisban un horizonte de futuro decidieron quitarse de en medio a toda esa gentuza que se llevaba el dinero a camiones y, claro, con ellos tambi\u00e9n cayeron las mayor\u00edas absolutistas y los sillones eternos. Esto es lo que ha ocurrido el 24M y no las fantas\u00edas animadas de ayer y hoy cantadas por Floriano, el brazo tonto del PP, que dej\u00f3 estupefactos a quienes le oyeron decir que su partido hab\u00eda obtenido unos resultados envidiables. El pueblo volver\u00e1 a pronunciarse en las generales y su deseo de ventilar los despachos ser\u00e1 irrefrenable. Ya ha probado la sangre. Sabe dulce.<br \/>\n\u00a0<br \/>\n<em>Publicado en El Norte de Castilla el 27 de mayo de 2015<\/em><\/p>\n","protected":false},"excerpt":{"rendered":"<p>No anheles algo insistentemente, no vaya a ser que se cumpla. Y se cumpli\u00f3. Cospedal y Aguirre pidieron hace tiempo a los indignados del 15M que si quer\u00edan hacer pol\u00edtica que se presentaran a las elecciones, y no que lanzasen proclamas desde la Puerta del Sol. Pues lo hicieron; petici\u00f3n satisfecha. Desde aquellos hist\u00f3ricos d\u00edas [&hellip;]<\/p>\n","protected":false},"author":8,"featured_media":0,"comment_status":"open","ping_status":"open","sticky":false,"template":"","format":"standard","meta":[],"categories":[3,8],"tags":[],"_links":{"self":[{"href":"https:\/\/blogs.elnortedecastilla.es\/robertocarbajal\/wp-json\/wp\/v2\/posts\/575"}],"collection":[{"href":"https:\/\/blogs.elnortedecastilla.es\/robertocarbajal\/wp-json\/wp\/v2\/posts"}],"about":[{"href":"https:\/\/blogs.elnortedecastilla.es\/robertocarbajal\/wp-json\/wp\/v2\/types\/post"}],"author":[{"embeddable":true,"href":"https:\/\/blogs.elnortedecastilla.es\/robertocarbajal\/wp-json\/wp\/v2\/users\/8"}],"replies":[{"embeddable":true,"href":"https:\/\/blogs.elnortedecastilla.es\/robertocarbajal\/wp-json\/wp\/v2\/comments?post=575"}],"version-history":[{"count":0,"href":"https:\/\/blogs.elnortedecastilla.es\/robertocarbajal\/wp-json\/wp\/v2\/posts\/575\/revisions"}],"wp:attachment":[{"href":"https:\/\/blogs.elnortedecastilla.es\/robertocarbajal\/wp-json\/wp\/v2\/media?parent=575"}],"wp:term":[{"taxonomy":"category","embeddable":true,"href":"https:\/\/blogs.elnortedecastilla.es\/robertocarbajal\/wp-json\/wp\/v2\/categories?post=575"},{"taxonomy":"post_tag","embeddable":true,"href":"https:\/\/blogs.elnortedecastilla.es\/robertocarbajal\/wp-json\/wp\/v2\/tags?post=575"}],"curies":[{"name":"wp","href":"https:\/\/api.w.org\/{rel}","templated":true}]}}