{"id":576,"date":"2015-06-04T08:07:35","date_gmt":"2015-06-04T07:07:35","guid":{"rendered":"http:\/\/blogs.elnortedecastilla.es\/robertocarbajal\/?p=576"},"modified":"2015-06-04T08:07:35","modified_gmt":"2015-06-04T07:07:35","slug":"pitos-y-flautas","status":"publish","type":"post","link":"https:\/\/blogs.elnortedecastilla.es\/robertocarbajal\/2015\/06\/04\/pitos-y-flautas\/","title":{"rendered":"Pitos y flautas"},"content":{"rendered":"<p>El PP quiere ponerle puertas al mar. Me refiero a que planea sancionar hechos como el vivido el s\u00e1bado durante la gran pitada en la Copa del Rey de &#8216;f\u00farbol&#8217;, como dir\u00eda Villar, el presidente de la Federaci\u00f3n. La reflexi\u00f3n la comunic\u00f3 Carlos Floriano, ese humorista impagable que se adorna de frases memorables cada vez que abre la boca y que tanto nos divierte en los tiempos que corren. A ning\u00fan espa\u00f1ol bien nacido le gusta que se arrastre el himno nacional como lo hicieron muchos de los asistentes al partido en cuesti\u00f3n. Se trata de uno de los s\u00edmbolos del Estado y merece un respeto, sin duda. Ahora bien, \u00bfqu\u00e9 ley se puede aplicar o cambiar para sancionar a quienes se pasan por el arco del triunfo la partitura? No hay forma humana de hacerlo, salvo que se suprima el derecho de la libertad de expresi\u00f3n de nuestra Constituci\u00f3n, algo que no se va a producir; para cosas como esa ya tenemos a RTVE y las cadenas auton\u00f3micas.<\/p>\n<p>Circulan por ah\u00ed propuestas de lo m\u00e1s peregrino para que estos hechos no vuelvan a repetirse. Hay quien arenga a que se sancione a los clubes, como si esta medida fuera a disuadir a los que no se sienten espa\u00f1oles. Adem\u00e1s, dados los presupuestos que manejan equipos como el Barcelona, la sanci\u00f3n se la traer\u00eda al pairo, porque de todos es sabido que este equipo es m\u00e1s que un club. Otros ponen sobre la mesa sancionar al p\u00fablico, algo rid\u00edculo a todas luces, pues a ver qui\u00e9n es el guapo que controla algo como eso. Ya puestos, ser\u00eda mejor contratar a un flautista, de Hamel\u00edn o de la calle G\u00e9nova. Mientras hace sonar su flauta, los independentistas le seguir\u00edan hasta el Mediterr\u00e1neo y se ahogar\u00edan. Resuelto el problema. Eso s\u00ed: no olviden pagarle, como reza en el cuento de los hermanos Grimm, no vaya a ser que las cosas empeoren. M\u00e1s que nada para que la desgracia no se extienda a quienes no piensan como ellos. Creo que lo mejor es dejar las cosas como est\u00e1n y lidiar con este pa\u00eds nuestro, raro, raro, raro. Tendremos que aguantarnos con lo que hemos construido entre todos. S\u00ed, entre todos.<br \/>\n\u00a0<br \/>\n<em>Publicado en El Norte de Castilla el 3 de junio de 2015<\/em><\/p>\n","protected":false},"excerpt":{"rendered":"<p>El PP quiere ponerle puertas al mar. Me refiero a que planea sancionar hechos como el vivido el s\u00e1bado durante la gran pitada en la Copa del Rey de &#8216;f\u00farbol&#8217;, como dir\u00eda Villar, el presidente de la Federaci\u00f3n. La reflexi\u00f3n la comunic\u00f3 Carlos Floriano, ese humorista impagable que se adorna de frases memorables cada vez [&hellip;]<\/p>\n","protected":false},"author":8,"featured_media":0,"comment_status":"open","ping_status":"open","sticky":false,"template":"","format":"standard","meta":[],"categories":[3,8],"tags":[],"_links":{"self":[{"href":"https:\/\/blogs.elnortedecastilla.es\/robertocarbajal\/wp-json\/wp\/v2\/posts\/576"}],"collection":[{"href":"https:\/\/blogs.elnortedecastilla.es\/robertocarbajal\/wp-json\/wp\/v2\/posts"}],"about":[{"href":"https:\/\/blogs.elnortedecastilla.es\/robertocarbajal\/wp-json\/wp\/v2\/types\/post"}],"author":[{"embeddable":true,"href":"https:\/\/blogs.elnortedecastilla.es\/robertocarbajal\/wp-json\/wp\/v2\/users\/8"}],"replies":[{"embeddable":true,"href":"https:\/\/blogs.elnortedecastilla.es\/robertocarbajal\/wp-json\/wp\/v2\/comments?post=576"}],"version-history":[{"count":0,"href":"https:\/\/blogs.elnortedecastilla.es\/robertocarbajal\/wp-json\/wp\/v2\/posts\/576\/revisions"}],"wp:attachment":[{"href":"https:\/\/blogs.elnortedecastilla.es\/robertocarbajal\/wp-json\/wp\/v2\/media?parent=576"}],"wp:term":[{"taxonomy":"category","embeddable":true,"href":"https:\/\/blogs.elnortedecastilla.es\/robertocarbajal\/wp-json\/wp\/v2\/categories?post=576"},{"taxonomy":"post_tag","embeddable":true,"href":"https:\/\/blogs.elnortedecastilla.es\/robertocarbajal\/wp-json\/wp\/v2\/tags?post=576"}],"curies":[{"name":"wp","href":"https:\/\/api.w.org\/{rel}","templated":true}]}}