{"id":577,"date":"2015-06-11T08:07:18","date_gmt":"2015-06-11T07:07:18","guid":{"rendered":"http:\/\/blogs.elnortedecastilla.es\/robertocarbajal\/?p=577"},"modified":"2015-06-11T08:07:18","modified_gmt":"2015-06-11T07:07:18","slug":"si-me-quereis-irse","status":"publish","type":"post","link":"https:\/\/blogs.elnortedecastilla.es\/robertocarbajal\/2015\/06\/11\/si-me-quereis-irse\/","title":{"rendered":"Si me quer\u00e9is, &#039;irse&#039;"},"content":{"rendered":"<p>El pol\u00edtico cree que se merece un sill\u00f3n vitalicio. Cuando por fin logra un despacho, se dice ya he llegado; ahora, a medrar. Todos ellos dicen estar muy ilusionados por trabajar para los ciudadanos, pero la realidad es que se empe\u00f1an en dedicar la mayor parte del tiempo a asuntos que nada tienen que ver con el servicio p\u00fablico. En realidad, lo que la mayor\u00eda pretende es eternizarse en el poder y en alimentar su ego. Ya instalados, se permiten el lujo de enmendar la plana a los peri\u00f3dicos porque no les ha gustado una informaci\u00f3n, amenazando con retirar la publicidad institucional si no enmiendan su l\u00ednea editorial, unas ayudas econ\u00f3micas perversas que de ning\u00fan modo contribuyen a la libertad de prensa. Pero esta gente es as\u00ed: se creen con derecho de pernada, cabalgando sobre la idea de que quien paga, manda, aunque sea con p\u00f3lvora del rey. Estos mostrencos son duros de entendederas, por tanto no trates de razonar sobre asuntos de inter\u00e9s general, porque ellos velan tan solo por los suyos. Tienen tan claro que han llegado para quedarse, que algunos aparcan en una instancia del ayuntamiento el veh\u00edculo utilitario de su vida anterior. Rita Barber\u00e1 lo guard\u00f3 criando polvo en un local municipal durante m\u00e1s de veinte a\u00f1os, y todo porque no pensaba en volver a la vida ordinaria que ten\u00eda antes de plantar sus posaderas en el coche oficial.<\/p>\n<p>Los mandatos pol\u00edticos deber\u00edan estar limitados a ocho a\u00f1os. Dilatar este periodo supone enfrentarse tarde o temprano a la corrupci\u00f3n, el clientelismo y al nepotismo marca Espa\u00f1a. Se les llama servidores p\u00fablicos, pervirtiendo el t\u00e9rmino de un modo que da verg\u00fcenza ajena. Cuando los ciudadanos les dan la espalda, les cuesta entender que es su voluntad y que ya se han cansado de ellos. Se muestran aturdidos y no lo comprenden. Aseguran amar al pueblo que los aup\u00f3 al machito y no comprenden el cambio. Ya lo dijo Lola Flores en una situaci\u00f3n parecida. Durante su juicio por elusi\u00f3n fiscal, la Faraona pidi\u00f3 a quienes la arengaban: \u201cSi me quer\u00e9is, irse\u201d. Naturalmente, nadie se fue.<br \/>\n\u00a0<br \/>\n<em>Publicado en El Norte de Castilla el 10 de junio de 2015<\/em><\/p>\n","protected":false},"excerpt":{"rendered":"<p>El pol\u00edtico cree que se merece un sill\u00f3n vitalicio. Cuando por fin logra un despacho, se dice ya he llegado; ahora, a medrar. Todos ellos dicen estar muy ilusionados por trabajar para los ciudadanos, pero la realidad es que se empe\u00f1an en dedicar la mayor parte del tiempo a asuntos que nada tienen que ver [&hellip;]<\/p>\n","protected":false},"author":8,"featured_media":0,"comment_status":"open","ping_status":"open","sticky":false,"template":"","format":"standard","meta":[],"categories":[3,8],"tags":[],"_links":{"self":[{"href":"https:\/\/blogs.elnortedecastilla.es\/robertocarbajal\/wp-json\/wp\/v2\/posts\/577"}],"collection":[{"href":"https:\/\/blogs.elnortedecastilla.es\/robertocarbajal\/wp-json\/wp\/v2\/posts"}],"about":[{"href":"https:\/\/blogs.elnortedecastilla.es\/robertocarbajal\/wp-json\/wp\/v2\/types\/post"}],"author":[{"embeddable":true,"href":"https:\/\/blogs.elnortedecastilla.es\/robertocarbajal\/wp-json\/wp\/v2\/users\/8"}],"replies":[{"embeddable":true,"href":"https:\/\/blogs.elnortedecastilla.es\/robertocarbajal\/wp-json\/wp\/v2\/comments?post=577"}],"version-history":[{"count":0,"href":"https:\/\/blogs.elnortedecastilla.es\/robertocarbajal\/wp-json\/wp\/v2\/posts\/577\/revisions"}],"wp:attachment":[{"href":"https:\/\/blogs.elnortedecastilla.es\/robertocarbajal\/wp-json\/wp\/v2\/media?parent=577"}],"wp:term":[{"taxonomy":"category","embeddable":true,"href":"https:\/\/blogs.elnortedecastilla.es\/robertocarbajal\/wp-json\/wp\/v2\/categories?post=577"},{"taxonomy":"post_tag","embeddable":true,"href":"https:\/\/blogs.elnortedecastilla.es\/robertocarbajal\/wp-json\/wp\/v2\/tags?post=577"}],"curies":[{"name":"wp","href":"https:\/\/api.w.org\/{rel}","templated":true}]}}