{"id":578,"date":"2015-06-18T08:07:28","date_gmt":"2015-06-18T07:07:28","guid":{"rendered":"http:\/\/blogs.elnortedecastilla.es\/robertocarbajal\/?p=578"},"modified":"2015-06-18T08:07:28","modified_gmt":"2015-06-18T07:07:28","slug":"judios-y-nazis","status":"publish","type":"post","link":"https:\/\/blogs.elnortedecastilla.es\/robertocarbajal\/2015\/06\/18\/judios-y-nazis\/","title":{"rendered":"Jud\u00edos y nazis"},"content":{"rendered":"<p>Qu\u00e9 obsesi\u00f3n tiene la gente con los jud\u00edos. Cualquier idiota vocacional tiene guardado en la rec\u00e1mara alguna estupidez para hacer sangre con el sufrido pueblo de Israel. Se ve que el Holocausto no fue suficiente y los seis millones de hebreos que fueron aniquilados constituyen una cifra escasa, si comparamos el deseo de algunos pensadores. El \u00faltimo esc\u00e1ndalo con este asunto lo ha protagonizado un concejal de Cultura del reci\u00e9n formado Ayuntamiento de Madrid. Ya ha sido destituido, pero su cese, las explicaciones y las disculpas no son suficientes para acallar la mala baba del edil. Es necesario que las autoridades incorporen en el C\u00f3digo Penal el delito de apolog\u00eda del Holocausto o de cualquier genocidio que venga al caso. Hay que reconocer que el chiste de este sujeto est\u00e1 cargado de ingenio. Para quienes no lo sepan, reza como sigue: \u00bfC\u00f3mo meter\u00edas a seis millones de jud\u00edos en un seiscientos? Respuesta: En el cenicero. El enunciado demuestra una ignorancia manifiesta, pues ni el seiscientos al completo tiene la capacidad de albergar las cenizas de seis millones de personas, as\u00ed que menos un cenicero.<\/p>\n<p>Hace tiempo alguien, un funcionario, en pleno centro de trabajo, me dijo que Hitler se qued\u00f3 corto, que debi\u00f3 aniquilar a m\u00e1s israelitas. Fue en pleno fragor de los ataques israel\u00edes en territorio palestino, aunque este extremo no justifica semejante sentencia. Le recrimin\u00e9 que clamase en pos de este tipo de reflexi\u00f3n intelectual, pero el tipo lo repiti\u00f3 hasta la saciedad. Yo le advert\u00ed de que si continuaba profiriendo su profundo pensamiento llamar\u00eda a la Polic\u00eda, pero le daba igual. Claro que yo ca\u00ed en la cuenta que no iba a servir de nada, por los motivos que ya he expuesto. En un pa\u00eds en el que menudean insultos como &#8216;perro jud\u00edo&#8217; y lindezas por el estilo, tan solo se me ocurre que en las escuelas se haga pedagog\u00eda. No estar\u00eda de m\u00e1s mostrar las im\u00e1genes de los despojos humanos de los campos de exterminio para hacer entender desde la infancia los horrores de los que son capaces los seres humanos.<br \/>\n\u00a0<br \/>\n<em>Publicado en El Norte de Castilla el 17 de junio de 2015<\/em><\/p>\n","protected":false},"excerpt":{"rendered":"<p>Qu\u00e9 obsesi\u00f3n tiene la gente con los jud\u00edos. Cualquier idiota vocacional tiene guardado en la rec\u00e1mara alguna estupidez para hacer sangre con el sufrido pueblo de Israel. Se ve que el Holocausto no fue suficiente y los seis millones de hebreos que fueron aniquilados constituyen una cifra escasa, si comparamos el deseo de algunos pensadores. [&hellip;]<\/p>\n","protected":false},"author":8,"featured_media":0,"comment_status":"open","ping_status":"open","sticky":false,"template":"","format":"standard","meta":[],"categories":[3,8],"tags":[],"_links":{"self":[{"href":"https:\/\/blogs.elnortedecastilla.es\/robertocarbajal\/wp-json\/wp\/v2\/posts\/578"}],"collection":[{"href":"https:\/\/blogs.elnortedecastilla.es\/robertocarbajal\/wp-json\/wp\/v2\/posts"}],"about":[{"href":"https:\/\/blogs.elnortedecastilla.es\/robertocarbajal\/wp-json\/wp\/v2\/types\/post"}],"author":[{"embeddable":true,"href":"https:\/\/blogs.elnortedecastilla.es\/robertocarbajal\/wp-json\/wp\/v2\/users\/8"}],"replies":[{"embeddable":true,"href":"https:\/\/blogs.elnortedecastilla.es\/robertocarbajal\/wp-json\/wp\/v2\/comments?post=578"}],"version-history":[{"count":0,"href":"https:\/\/blogs.elnortedecastilla.es\/robertocarbajal\/wp-json\/wp\/v2\/posts\/578\/revisions"}],"wp:attachment":[{"href":"https:\/\/blogs.elnortedecastilla.es\/robertocarbajal\/wp-json\/wp\/v2\/media?parent=578"}],"wp:term":[{"taxonomy":"category","embeddable":true,"href":"https:\/\/blogs.elnortedecastilla.es\/robertocarbajal\/wp-json\/wp\/v2\/categories?post=578"},{"taxonomy":"post_tag","embeddable":true,"href":"https:\/\/blogs.elnortedecastilla.es\/robertocarbajal\/wp-json\/wp\/v2\/tags?post=578"}],"curies":[{"name":"wp","href":"https:\/\/api.w.org\/{rel}","templated":true}]}}