{"id":579,"date":"2015-06-25T08:07:29","date_gmt":"2015-06-25T07:07:29","guid":{"rendered":"http:\/\/blogs.elnortedecastilla.es\/robertocarbajal\/?p=579"},"modified":"2015-06-25T08:07:29","modified_gmt":"2015-06-25T07:07:29","slug":"desverguenza","status":"publish","type":"post","link":"https:\/\/blogs.elnortedecastilla.es\/robertocarbajal\/2015\/06\/25\/desverguenza\/","title":{"rendered":"Desverg\u00fcenza"},"content":{"rendered":"<p>Qu\u00e9 clase de pa\u00eds es este que permite que dos millones de ni\u00f1os est\u00e9n en riesgo de exclusi\u00f3n social, que cuando cierren los comedores escolares durante el verano pasar\u00e1n hambre y quedar\u00e1n expuestos tan solo a las migajas que pueda recoger la beneficencia. Pronto los gobernantes se ir\u00e1n de vacaciones tan panchos y el problema quedar\u00e1 sin resolver. La nueva alcaldesa de Madrid, Manuela Carmena, se ha puesto manos a la obra para buscar recursos y tratar de mitigar, en la medida de lo posible, esta tragedia. Un pa\u00eds rico como Espa\u00f1a deber\u00eda tener resuelto que nadie pase hambre, sin importar su condici\u00f3n. La riqueza nacional que administra el Estado deber\u00eda ponerse al servicio de la causa. Ning\u00fan gobernante deber\u00eda mirarse al espejo sin sonrojarse ante la magnitud del problema del hambre en Espa\u00f1a. No es demagogia afirmar que se gastan ingentes cantidades de dinero en partidas que no son tan prioritarias como que cualquiera que viva en nuestro pa\u00eds tenga satisfecho su est\u00f3mago. En este asunto est\u00e1n implicadas todas las administraciones p\u00fablicas. Si ayuntamientos y comunidades aut\u00f3nomas carecen de presupuesto, tendr\u00eda que ser la Administraci\u00f3n central la que habilitase una partida para esta tragedia que no tiene visos de desaparecer de los titulares de prensa.<\/p>\n<p>Estamos en un estado de emergencia nacional. No puedes irte de vacaciones sin cargar sobre tu conciencia el sonido del crujir de tripas de un ni\u00f1o de tu pa\u00eds. Es un acto de responsabilidad resolver de una vez por todas tragedias como esta. Y los medios de comunicaci\u00f3n tienen que remar al un\u00edsono para remover conciencias. En estas fechas suelen publicar c\u00f3mo y d\u00f3nde pasan las vacaciones nuestros pol\u00edticos, una informaci\u00f3n que no interesa a nadie, por insulsa y falta de compromiso. Al contrario: deber\u00edan preguntarles c\u00f3mo creen que pasar\u00e1n el est\u00edo esos dos millones de chavales. Eso es lo que de verdad importa; todo lo dem\u00e1s son simplezas c\u00f3mplices que no conducen a ninguna parte. No se debe ocultar la realidad. A m\u00ed al menos se me cae la cara de verg\u00fcenza.<br \/>\n\u00a0<br \/>\n<em>Publicado en El Norte de Castilla el 24 de junio de 2015<\/em><\/p>\n","protected":false},"excerpt":{"rendered":"<p>Qu\u00e9 clase de pa\u00eds es este que permite que dos millones de ni\u00f1os est\u00e9n en riesgo de exclusi\u00f3n social, que cuando cierren los comedores escolares durante el verano pasar\u00e1n hambre y quedar\u00e1n expuestos tan solo a las migajas que pueda recoger la beneficencia. Pronto los gobernantes se ir\u00e1n de vacaciones tan panchos y el problema [&hellip;]<\/p>\n","protected":false},"author":8,"featured_media":0,"comment_status":"open","ping_status":"open","sticky":false,"template":"","format":"standard","meta":[],"categories":[3,8],"tags":[],"_links":{"self":[{"href":"https:\/\/blogs.elnortedecastilla.es\/robertocarbajal\/wp-json\/wp\/v2\/posts\/579"}],"collection":[{"href":"https:\/\/blogs.elnortedecastilla.es\/robertocarbajal\/wp-json\/wp\/v2\/posts"}],"about":[{"href":"https:\/\/blogs.elnortedecastilla.es\/robertocarbajal\/wp-json\/wp\/v2\/types\/post"}],"author":[{"embeddable":true,"href":"https:\/\/blogs.elnortedecastilla.es\/robertocarbajal\/wp-json\/wp\/v2\/users\/8"}],"replies":[{"embeddable":true,"href":"https:\/\/blogs.elnortedecastilla.es\/robertocarbajal\/wp-json\/wp\/v2\/comments?post=579"}],"version-history":[{"count":0,"href":"https:\/\/blogs.elnortedecastilla.es\/robertocarbajal\/wp-json\/wp\/v2\/posts\/579\/revisions"}],"wp:attachment":[{"href":"https:\/\/blogs.elnortedecastilla.es\/robertocarbajal\/wp-json\/wp\/v2\/media?parent=579"}],"wp:term":[{"taxonomy":"category","embeddable":true,"href":"https:\/\/blogs.elnortedecastilla.es\/robertocarbajal\/wp-json\/wp\/v2\/categories?post=579"},{"taxonomy":"post_tag","embeddable":true,"href":"https:\/\/blogs.elnortedecastilla.es\/robertocarbajal\/wp-json\/wp\/v2\/tags?post=579"}],"curies":[{"name":"wp","href":"https:\/\/api.w.org\/{rel}","templated":true}]}}